{"id":878,"date":"2023-06-25T17:50:15","date_gmt":"2023-06-25T15:50:15","guid":{"rendered":"http:\/\/gwiezdnykrag.pl\/?p=878"},"modified":"2023-12-29T17:49:46","modified_gmt":"2023-12-29T16:49:46","slug":"final-i-gala-po-raz-18-podsumowujemy-gwiezdny-krag","status":"publish","type":"post","link":"https:\/\/gwiezdnykrag.pl\/index.php\/2023\/06\/25\/final-i-gala-po-raz-18-podsumowujemy-gwiezdny-krag\/","title":{"rendered":"Fina\u0142 i gala po raz 18! Podsumowujemy &#8222;Gwiezdny Kr\u0105g&#8221;"},"content":{"rendered":"\n<p>Ju\u017c po raz 18 odby\u0142a si\u0119 Og\u00f3lnopolska Olimpiada Wiedzy o Unii Europejskiej \u201eGwiezdny Kr\u0105g\u201d. Jakub<br>Fortuna z Poznania zaj\u0105\u0142 pierwsze miejsce w tegorocznej edycji Olimpiady. W nagrod\u0119 uda si\u0119 w<br>podr\u00f3\u017c po Unii Europejskiej.<\/p>\n\n\n\n<blockquote class=\"wp-block-quote has-small-font-size is-layout-flow wp-block-quote-is-layout-flow\">\n<p class=\"has-medium-font-size\">\u201eLaureaci nie dali nam \u0142atwego zadania, szczerze powiedzie\u0107. Ja enty raz uczestnicz\u0119 w tej niezwyk\u0142ej, sympatycznej imprezie jak\u0105 jest Olimpiada \u201eGwiezdny Kr\u0105g\u201d. Nie mia\u0142em jeszcze do czynienia z tak wyr\u00f3wnanym i tak wysokim poziomem fina\u0142owych uczestniczek, uczestnik\u00f3w. Z roku na rok mam wra\u017cenie, jako\u015b\u0107 tych kt\u00f3rzy dochodz\u0105 do fina\u0142u podnosi si\u0119. Nie jest rzecz\u0105 przypadku, \u017ce jeste\u015bcie t\u0105 z\u0142ot\u0105 dziesi\u0105tk\u0105 z po\u015br\u00f3d 3.300 uczestnik\u00f3w. Tego si\u0119 nie osi\u0105ga drog\u0105 przypadku, to trzeba zapracowa\u0107.\u201d<\/p>\n<cite>powiedzia\u0142 Jan Truszczy\u0144ski, by\u0142y ambasador Rzeczypospolitej Polskiej przy Unii Europejskiej, g\u0142\u00f3wny negocjator przyst\u0105pienia Polski do Unii Europejskiej oraz cz\u0142onek zespo\u0142u Team Europe.<\/cite><\/blockquote>\n\n\n\n<p>Relacja z rozgrywek fina\u0142owych dost\u0119pna jest <a href=\"https:\/\/www.facebook.com\/100042535826033\/videos\/212714464995714\">pod linkiem<\/a>. <br>Klasyfikacja finalist\u00f3w:<br>I miejsce \u2013 <strong>Jakub Fortuna<\/strong>, II Liceum Og\u00f3lnokszta\u0142c\u0105ce im. Genera\u0142owej Zamoyskiej i Heleny Modrzejewskiej w Poznaniu;<br>II miejsce \u2013 <strong>Anna Sajdak<\/strong>, XL Liceum Og\u00f3lnokszta\u0142c\u0105ce z Oddzia\u0142ami Dwuj\u0119zycznymi im. S. \u017beromskiego w Warszawie; <br>III miejsce &#8211; <strong>Adam Szydzik<\/strong>, II Liceum Og\u00f3lnokszta\u0142c\u0105ce im. M. Konopnickiej w Inowroc\u0142awiu.<\/p>\n\n\n\n<p>Ze wzgl\u0119du na wysoki poziom tegorocznej fina\u0142owej dziesi\u0105tki, decyzj\u0105 jury, pozostali laureaci otrzymali dyplomy z wyr\u00f3\u017cnieniem!<\/p>\n\n\n\n<p>Relacja z Uroczystej Gali Og\u0142oszenia Wynik\u00f3w dost\u0119pna jest <strong><a href=\"https:\/\/www.youtube.com\/watch?v=cXRVcIdeomQ\">pod linkiem<\/a>. <\/strong><\/p>\n\n\n\n<p>W tegorocznej edycji Olimpiady wzi\u0119\u0142o udzia\u0142 blisko 3300 uczestnik\u00f3w reprezentuj\u0105cych 288 szk\u00f3\u0142 z ca\u0142ego kraju! <\/p>\n\n\n\n<figure class=\"wp-block-image size-full\"><img loading=\"lazy\" decoding=\"async\" width=\"904\" height=\"904\" src=\"http:\/\/gwiezdnykrag.pl\/wp-content\/uploads\/2023\/06\/336888097_771321974644981_6277177456564484102_n.jpg\" alt=\"\" class=\"wp-image-887\" srcset=\"https:\/\/gwiezdnykrag.pl\/wp-content\/uploads\/2023\/06\/336888097_771321974644981_6277177456564484102_n.jpg 904w, https:\/\/gwiezdnykrag.pl\/wp-content\/uploads\/2023\/06\/336888097_771321974644981_6277177456564484102_n-300x300.jpg 300w, https:\/\/gwiezdnykrag.pl\/wp-content\/uploads\/2023\/06\/336888097_771321974644981_6277177456564484102_n-150x150.jpg 150w, https:\/\/gwiezdnykrag.pl\/wp-content\/uploads\/2023\/06\/336888097_771321974644981_6277177456564484102_n-768x768.jpg 768w, https:\/\/gwiezdnykrag.pl\/wp-content\/uploads\/2023\/06\/336888097_771321974644981_6277177456564484102_n-410x410.jpg 410w, https:\/\/gwiezdnykrag.pl\/wp-content\/uploads\/2023\/06\/336888097_771321974644981_6277177456564484102_n-100x100.jpg 100w, https:\/\/gwiezdnykrag.pl\/wp-content\/uploads\/2023\/06\/336888097_771321974644981_6277177456564484102_n-275x275.jpg 275w\" sizes=\"auto, (max-width: 904px) 100vw, 904px\" \/><\/figure>\n\n\n\n<figure class=\"wp-block-video\"><video height=\"480\" style=\"aspect-ratio: 848 \/ 480;\" width=\"848\" controls src=\"http:\/\/gwiezdnykrag.pl\/wp-content\/uploads\/2023\/06\/VID-20230614-WA0002.mp4\"><\/video><figcaption class=\"wp-element-caption\">Janusz Lewandowski &#8211; Pose\u0142 do Parlamentu Europejskiego z pozdrowieniami dla najlepszej 10! <\/figcaption><\/figure>\n\n\n\n<p><\/p>\n\n\n\n<p><strong>Kontekst: <\/strong><\/p>\n\n\n\n<p>Organizatorem Olimpiady by\u0142a: Komisja Europejska Przedstawicielstwo w Polsce, Biuro Parlamentu<br>Europejskiego w Polsce, S\u0142upski Instytut ds. M\u0142odzie\u017cy, a partnerami: punkty Europe Direct w Polsce,<br>eksperci Team Europe, Stowarzyszenie <em>\u201ePomorskie w Unii Europejskiej\u201d <\/em>.<br>Jedyna Olimpiada, kt\u00f3ra ma poparcie Komisji Europejskiej oraz Parlamentu Europejskiego i uzyska\u0142a<br>patronat 16 pos\u0142\u00f3w do Parlamentu Europejskiego wszystkich ugrupowa\u0144 politycznych.<br>Ch\u0119\u0107 udzia\u0142u w I etapie Olimpiady zdeklarowa\u0142o ponad 4 tysi\u0105ce uczestnik\u00f3w. Rzeczywista liczba<br>bior\u0105cych udzia\u0142 wynios\u0142a 3\u00a0294. \u201eGwiezdny Kr\u0105g\u201d wkroczy\u0142 w pe\u0142noletno\u015b\u0107, a tym samym dla trzech<br>pierwszych miejsc nagrody specjalne: wyjazd turystyczny dla wybranego przez uczestnika miejsca w<br>Unii Europejskiej.<\/p>\n\n\n\n<p><a href=\"http:\/\/gwiezdnykrag.pl\/\"><strong>Strona internetowa Olimpiady. <\/strong><\/a><\/p>\n\n\n\n<p><a href=\"https:\/\/www.facebook.com\/gwiezdnykrag\"><strong>Profil na Facebooku. <\/strong><\/a><\/p>\n","protected":false},"excerpt":{"rendered":"<p>Ju\u017c po raz 18 odby\u0142a si\u0119 Og\u00f3lnopolska Olimpiada Wiedzy o Unii Europejskiej \u201eGwiezdny Kr\u0105g\u201d. JakubFortuna z Poznania zaj\u0105\u0142 pierwsze miejsce w tegorocznej edycji Olimpiady. W nagrod\u0119 uda si\u0119 wpodr\u00f3\u017c po Unii Europejskiej. \u201eLaureaci nie dali nam \u0142atwego zadania, szczerze powiedzie\u0107. Ja enty raz uczestnicz\u0119 w tej niezwyk\u0142ej, sympatycznej imprezie jak\u0105 jest Olimpiada \u201eGwiezdny Kr\u0105g\u201d. Nie [&hellip;]<\/p>\n","protected":false},"author":2,"featured_media":880,"comment_status":"closed","ping_status":"closed","sticky":false,"template":"","format":"standard","meta":{"footnotes":""},"categories":[1],"tags":[],"class_list":["post-878","post","type-post","status-publish","format-standard","has-post-thumbnail","hentry","category-aktualnosci"],"_links":{"self":[{"href":"https:\/\/gwiezdnykrag.pl\/index.php\/wp-json\/wp\/v2\/posts\/878","targetHints":{"allow":["GET"]}}],"collection":[{"href":"https:\/\/gwiezdnykrag.pl\/index.php\/wp-json\/wp\/v2\/posts"}],"about":[{"href":"https:\/\/gwiezdnykrag.pl\/index.php\/wp-json\/wp\/v2\/types\/post"}],"author":[{"embeddable":true,"href":"https:\/\/gwiezdnykrag.pl\/index.php\/wp-json\/wp\/v2\/users\/2"}],"replies":[{"embeddable":true,"href":"https:\/\/gwiezdnykrag.pl\/index.php\/wp-json\/wp\/v2\/comments?post=878"}],"version-history":[{"count":7,"href":"https:\/\/gwiezdnykrag.pl\/index.php\/wp-json\/wp\/v2\/posts\/878\/revisions"}],"predecessor-version":[{"id":888,"href":"https:\/\/gwiezdnykrag.pl\/index.php\/wp-json\/wp\/v2\/posts\/878\/revisions\/888"}],"wp:featuredmedia":[{"embeddable":true,"href":"https:\/\/gwiezdnykrag.pl\/index.php\/wp-json\/wp\/v2\/media\/880"}],"wp:attachment":[{"href":"https:\/\/gwiezdnykrag.pl\/index.php\/wp-json\/wp\/v2\/media?parent=878"}],"wp:term":[{"taxonomy":"category","embeddable":true,"href":"https:\/\/gwiezdnykrag.pl\/index.php\/wp-json\/wp\/v2\/categories?post=878"},{"taxonomy":"post_tag","embeddable":true,"href":"https:\/\/gwiezdnykrag.pl\/index.php\/wp-json\/wp\/v2\/tags?post=878"}],"curies":[{"name":"wp","href":"https:\/\/api.w.org\/{rel}","templated":true}]}}