{"id":819,"date":"2023-01-16T16:25:00","date_gmt":"2023-01-16T15:25:00","guid":{"rendered":"http:\/\/gwiezdnykrag.pl\/?p=819"},"modified":"2023-01-15T18:27:27","modified_gmt":"2023-01-15T17:27:27","slug":"gwiezdny-krag-edycja-xviii-startujemy","status":"publish","type":"post","link":"https:\/\/gwiezdnykrag.pl\/index.php\/2023\/01\/16\/gwiezdny-krag-edycja-xviii-startujemy\/","title":{"rendered":"Gwiezdny Kr\u0105g edycja XVIII &#8211; startujemy!"},"content":{"rendered":"\n<p><a href=\"https:\/\/poland.representation.ec.europa.eu\/index_pl\"><strong>Komisja Europejska Przedstawicielstwo w Polsce<\/strong><\/a><strong>,&nbsp;<\/strong><a href=\"https:\/\/www.europarl.europa.eu\/portal\/pl\"><strong>Biuro Parlamentu Europejskiego w Polsce<\/strong><\/a>, Stowarzyszenie \u201eS\u0142upski Instytut ds. M\u0142odzie\u017cy\u201d w partnerstwie z ekspertami&nbsp;<a href=\"https:\/\/teameurope.pl\/\"><strong>Team Europe<\/strong><\/a>&nbsp;oraz punkt\u00f3w Europe Direct zapraszamy do udzia\u0142u w XVIII edycji Olimpiady. Jest ona skierowania do uczni\u00f3w szk\u00f3\u0142 ponadpodstawowych z ca\u0142ego kraju.<\/p>\n\n\n\n<p>Unia Europejska ustanowi\u0142a, \u017ce rok 2023 b\u0119dzie\u00a0<a href=\"https:\/\/ec.europa.eu\/commission\/presscorner\/detail\/pl\/ip_20_1196\"><strong>Europejskim Rokiem Umiej\u0119tno\u015bci<\/strong><\/a>. Z tego te\u017c powodu, dla naszych Uczestnik\u00f3w przygotowali\u015bmy wiele niespodzianek. \u015aled\u017acie nasz\u0105 stron\u0119 internetow\u0105 i profile na mediach spo\u0142eczno\u015bciowych. A ju\u017c dzi\u015b dopilnujcie, aby Wasza szko\u0142a zg\u0142osi\u0142a si\u0119 do udzia\u0142u w projekcie.<\/p>\n\n\n\n<p><\/p>\n\n\n\n<p><strong>Kto mo\u017ce wzi\u0105\u0107 udzia\u0142?<\/strong> <\/p>\n\n\n\n<p>Olimpiada kierowana jest do uczni\u00f3w szk\u00f3\u0142 ponadpodstawowych: lice\u00f3w og\u00f3lnokszta\u0142c\u0105cych, lice\u00f3w profilowanych, technik\u00f3w, uzupe\u0142niaj\u0105cych lice\u00f3w og\u00f3lnokszta\u0142c\u0105cych i technik\u00f3w uzupe\u0142niaj\u0105cych oraz dla uczni\u00f3w szk\u00f3\u0142 ponadpodstawowych i bran\u017cowych.<\/p>\n\n\n\n<p><\/p>\n\n\n\n<p><strong>Chcesz wzi\u0105\u0107 udzia\u0142?&nbsp;<\/strong><\/p>\n\n\n\n<p>Twoja szko\u0142\u0105 musi wys\u0142a\u0107\u00a0formularz zg\u0142oszeniowy\u00a0do<strong>\u00a07 marca 2023 roku<\/strong>\u00a0na adres:\u00a0<a href=\"mailto:kontakt@gwiezdnykrag.pl\"><strong>kontakt@gwiezdnykrag.pl.<\/strong><\/a><\/p>\n\n\n\n<p><\/p>\n\n\n\n<p><strong>Jakie nagrody na Ciebie czekaj\u0105?&nbsp;<\/strong><\/p>\n\n\n\n<ul class=\"wp-block-list\">\n<li>laureaci i finali\u015bci Og\u00f3lnopolskiej Olimpiady Wiedzy o Unii Europejskiej \u201eGwiezdny Kr\u0105g\u201d otrzymuj\u0105 maksymaln\u0105 liczb\u0119 punkt\u00f3w w procesie rekrutacyjnym na wybrane kierunki na Uniwersytecie Warszawskim oraz Uniwersytecie Szczeci\u0144skim;<\/li>\n\n\n\n<li>p\u0142atny sta\u017c w Parlamencie Europejskim;<\/li>\n\n\n\n<li>wyjazd studyjny do Parlamentu Europejskiego;<\/li>\n\n\n\n<li>nagrody rzeczowe.<\/li>\n<\/ul>\n\n\n\n<p><\/p>\n\n\n\n<p><strong>Kontekst:\u00a0<\/strong><\/p>\n\n\n\n<p>Og\u00f3lnopolska Olimpiada Wiedzy o Unii Europejskiej \u201eGwiezdny Kr\u0105g\u201d jest projektem realizowanym od 2004 roku. Jest jedyn\u0105 Olimpiad\u0105 w Polsce realizowan\u0105 wsp\u00f3lnie przez Komisj\u0119 Europejska Przedstawicielstwo w Polsce oraz Biuro Parlamentu Europejskiego w Polsce. Od wielu lat w jej organizacj\u0119 zaanga\u017cowa\u0142o si\u0119 Stowarzyszenie \u201ePomorskie w Unii Europejskiej\u201d, punkty Europe Direct w Polsce, a tak\u017ce cz\u0142onkowie zespo\u0142u eksperckiego Team Europe.<\/p>\n\n\n\n<p>Celem Olimpiady jest popularyzowanie wiedzy o Unii Europejskiej, w szczeg\u00f3lno\u015bci: jej systemu instytucjonalnego, procesu integracji europejskiej, unijnych polityk, prawa i europejskich warto\u015bci oraz og\u00f3lnej wiedzy o Europie i pa\u0144stwach cz\u0142onkowskich UE.<\/p>\n\n\n\n<p><\/p>\n\n\n\n<p><strong>Wi\u0119cej informacji:<\/strong><\/p>\n\n\n\n<ul class=\"wp-block-list\">\n<li><strong><a rel=\"noreferrer noopener\" href=\"http:\/\/gwiezdnykrag.pl\/index.php\/regulamin\/\" target=\"_blank\">Regulamin XVIII edycji Og\u00f3lnopolskiej Olimpiady Wiedzy o Unii Europejskiej \u201eGwiezdny Kr\u0105g\u201d<\/a>;<\/strong><\/li>\n\n\n\n<li><a rel=\"noreferrer noopener\" href=\"http:\/\/gwiezdnykrag.pl\/index.php\/harmonogram\/\" target=\"_blank\"><strong>Harmonogram XVIII edycji Og\u00f3lnopolskiej Olimpiady Wiedzy o Unii Europejskiej \u201eGwiezdny Kr\u0105g<\/strong>\u201d<\/a>;<\/li>\n<\/ul>\n\n\n\n<p><\/p>\n\n\n\n<p><strong>Kontakt z Organizatorami:<\/strong><\/p>\n\n\n\n<p>e-mail:\u00a0<a href=\"mailto:kontakt@gwiezdnykrag.pl\"><strong>kontakt@gwiezdnykrag.pl<\/strong><\/a><\/p>\n\n\n\n<p><a href=\"https:\/\/www.gwiezdnykrag.pl\/\"><strong>www.gwiezdnykrag.pl<\/strong><\/a><\/p>\n\n\n\n<p><a href=\"https:\/\/www.facebook.com\/gwiezdnykrag\/\"><strong>https:\/\/www.facebook.com\/gwiezdnykrag\/<\/strong><\/a><\/p>\n\n\n\n<p>tel. 797&nbsp;274&nbsp;316<\/p>\n","protected":false},"excerpt":{"rendered":"<p>Komisja Europejska Przedstawicielstwo w Polsce,&nbsp;Biuro Parlamentu Europejskiego w Polsce, Stowarzyszenie \u201eS\u0142upski Instytut ds. M\u0142odzie\u017cy\u201d w partnerstwie z ekspertami&nbsp;Team Europe&nbsp;oraz punkt\u00f3w Europe Direct zapraszamy do udzia\u0142u w XVIII edycji Olimpiady. Jest ona skierowania do uczni\u00f3w szk\u00f3\u0142 ponadpodstawowych z ca\u0142ego kraju. Unia Europejska ustanowi\u0142a, \u017ce rok 2023 b\u0119dzie\u00a0Europejskim Rokiem Umiej\u0119tno\u015bci. Z tego te\u017c powodu, dla naszych Uczestnik\u00f3w [&hellip;]<\/p>\n","protected":false},"author":2,"featured_media":798,"comment_status":"open","ping_status":"open","sticky":false,"template":"","format":"standard","meta":{"footnotes":""},"categories":[1],"tags":[],"class_list":["post-819","post","type-post","status-publish","format-standard","has-post-thumbnail","hentry","category-aktualnosci"],"_links":{"self":[{"href":"https:\/\/gwiezdnykrag.pl\/index.php\/wp-json\/wp\/v2\/posts\/819","targetHints":{"allow":["GET"]}}],"collection":[{"href":"https:\/\/gwiezdnykrag.pl\/index.php\/wp-json\/wp\/v2\/posts"}],"about":[{"href":"https:\/\/gwiezdnykrag.pl\/index.php\/wp-json\/wp\/v2\/types\/post"}],"author":[{"embeddable":true,"href":"https:\/\/gwiezdnykrag.pl\/index.php\/wp-json\/wp\/v2\/users\/2"}],"replies":[{"embeddable":true,"href":"https:\/\/gwiezdnykrag.pl\/index.php\/wp-json\/wp\/v2\/comments?post=819"}],"version-history":[{"count":3,"href":"https:\/\/gwiezdnykrag.pl\/index.php\/wp-json\/wp\/v2\/posts\/819\/revisions"}],"predecessor-version":[{"id":822,"href":"https:\/\/gwiezdnykrag.pl\/index.php\/wp-json\/wp\/v2\/posts\/819\/revisions\/822"}],"wp:featuredmedia":[{"embeddable":true,"href":"https:\/\/gwiezdnykrag.pl\/index.php\/wp-json\/wp\/v2\/media\/798"}],"wp:attachment":[{"href":"https:\/\/gwiezdnykrag.pl\/index.php\/wp-json\/wp\/v2\/media?parent=819"}],"wp:term":[{"taxonomy":"category","embeddable":true,"href":"https:\/\/gwiezdnykrag.pl\/index.php\/wp-json\/wp\/v2\/categories?post=819"},{"taxonomy":"post_tag","embeddable":true,"href":"https:\/\/gwiezdnykrag.pl\/index.php\/wp-json\/wp\/v2\/tags?post=819"}],"curies":[{"name":"wp","href":"https:\/\/api.w.org\/{rel}","templated":true}]}}