{"id":797,"date":"2022-06-13T15:22:23","date_gmt":"2022-06-13T13:22:23","guid":{"rendered":"https:\/\/gwiezdnykrag.pl\/?p=797"},"modified":"2022-10-31T09:41:47","modified_gmt":"2022-10-31T08:41:47","slug":"gwiezdny-krag-po-raz-17-w-slupsku","status":"publish","type":"post","link":"https:\/\/gwiezdnykrag.pl\/index.php\/2022\/06\/13\/gwiezdny-krag-po-raz-17-w-slupsku\/","title":{"rendered":"Gwiezdny Kr\u0105g po raz 17 w S\u0142upsku!"},"content":{"rendered":"\n<p><\/p>\n\n\n\n<p><strong>A\u017c dwie kobiety w fina\u0142owej tr\u00f3jce Og\u00f3lnopolskiej Olimpiady Wiedzy o Unii Europejskiej \u201eGwiezdny Kr\u0105g\u201d. Zuzanna Marciniak z Katowic zaj\u0119\u0142a pierwsze miejsce w tegorocznej edycji Olimpiady. W nagrod\u0119 uda si\u0119 na p\u0142atny sta\u017c do Parlamentu Europejskiego na zaproszenie Janusza Lewandowskiego.<\/strong><\/p>\n\n\n\n<blockquote class=\"wp-block-quote is-layout-flow wp-block-quote-is-layout-flow\"><p><em>\u201eOrganizujemy ten konkurs oczywi\u015bcie nie tylko po to, \u017ceby zwyci\u0119zcy skorzystali z tego, tylko dlatego, \u017ce Unia Europejska tak niesamowicie przenika wszystkie dziedziny \u017cycia, du\u017co bardziej, ni\u017c zazwyczaj to sobie u\u015bwiadamiamy, \u017ce po prostu warto, aby o tym wiedzie\u0107. Tutaj trafiaj\u0105 najlepsi. Na pierwszym etapie jest tak, \u017ce cieszy\u0142bym si\u0119, gdyby wi\u0119kszo\u015b\u0107 obywateli mia\u0142a takie poj\u0119cie jak uczniowie, kt\u00f3rzy w nim startuj\u0105, poniewa\u017c z grubsza wiedz\u0105, po co jest Unia Europejska i czym si\u0119 zajmuje. A to ju\u017c jest nie\u017ale, bo niestety \u2013 my\u015bl\u0119 \u2013 wi\u0119kszo\u015b\u0107 naszych obywateli, nawet wykszta\u0142conych na ten temat nie ma tak naprawd\u0119 za wiele przemy\u015ble\u0144. P\u00f3\u017aniej, na kolejnych etapach zostaj\u0105 ci, kt\u00f3rzy potrafi\u0105 lepiej wypa\u015b\u0107 w tych testach i w efekcie ta dziesi\u0105tka to osoby naprawd\u0119 o wybitnej wiedzy. Takiej, \u017ce \u2013 chocia\u017c Uni\u0105 Europejsk\u0105 zajmuj\u0119 si\u0119 zawodowo od 15 lat, wcze\u015bniej studiowa\u0142em i napisa\u0142em na ten temat doktorat \u2013 zdarza mi si\u0119 od nich us\u0142ysze\u0107 co\u015b, o czym jeszcze sam nie s\u0142ysza\u0142em, a co okazuje si\u0119 poprawne, wi\u0119c to pokazuje, \u017ce dokopuj\u0105 si\u0119 do wielkich ciekawostek. A co jeszcze wa\u017cne, potrafi\u0105 to dobrze pokaza\u0107, zaprezentowa\u0107. My nie tylko sprawdzamy wiedz\u0119 ksi\u0105\u017ckow\u0105, sprawdzamy, czy oni naprawd\u0119 to rozumiej\u0105 i wiedz\u0105, jak to dzia\u0142a.\u201d<\/em> <\/p><p><\/p><cite>\u2013 powiedzia\u0142 <strong>dr Filip Skawi\u0144ski<\/strong>, p.o. Szefa Wydzia\u0142u Politycznego Komisji Europejskiej Przedstawicielstwo w Polsce.<\/cite><\/blockquote>\n\n\n\n<p>Organizatorem Olimpiady by\u0142a: Komisja Europejska Przedstawicielstwo w Polsce, Biuro Parlamentu Europejskiego w Polsce, S\u0142upski Instytut ds. M\u0142odzie\u017cy, a partnerami: punkty Europe Direct w Polsce, eksperci Team Europe, Stowarzyszenie \u201ePomorskie w Unii Europejskiej\u201d oraz Pomorska Agencja Rozwoju Regionalnego w S\u0142upsku.<\/p>\n\n\n\n<p>Olimpiada sk\u0142ada\u0142a si\u0119 z trzech etap\u00f3w: I etap (7.03.2022) w kt\u00f3rym wzi\u0119\u0142o udzia\u0142 1990 uczni\u00f3w, II etap (28.03.2022), w kt\u00f3rym wzi\u0119\u0142o udzia\u0142: 812 uczestnik\u00f3w oraz zawod\u00f3w III stopnia: testu (21.04.2022) i debaty oraz odpowiedzi ustnej (9.06.2022); by\u0142a to trzecia co do wielko\u015bci Olimpiada w historii bior\u0105c pod uwag\u0119 liczb\u0119 uczestnik\u00f3w.<\/p>\n\n\n\n<p>Relacj\u0119 z debaty fina\u0142owej pn. \u201eCzy odpowied\u017a Unii Europejskiej na agresj\u0119 zbrojn\u0105 Rosji przeciwko Ukrainie jest wystarczaj\u0105ca?\u201d mo\u017cna obejrze\u0107 pod linkiem: <a href=\"https:\/\/youtu.be\/czu2luXAKg4?fbclid=IwAR2m6tkQG411GgQMR4e-dZD-cAZoOuWGhfQKEO2SZEHCluI9uTDbD9db7r8\" target=\"_blank\" rel=\"noreferrer noopener\">https:\/\/youtu.be\/czu2luXAKg4<\/a>. Natomiast zapis z Uroczystej Gali Og\u0142oszenia Wynik\u00f3w XVII edycji Og\u00f3lnopolskiej Olimpiady Wiedzy o Unii Europejskiej \u201eGwiezdny Kr\u0105g\u201d dost\u0119pny jest pod linkiem: <a href=\"https:\/\/youtu.be\/iTNg7OVkcQI?fbclid=IwAR2dH2_M7UhkVbhWe-HhdGJzjeoPM4LKE_M6MYVWv_OF70eAPmCW0AeKtLI\" target=\"_blank\" rel=\"noreferrer noopener\">https:\/\/youtu.be\/iTNg7OVkcQI<\/a><\/p>\n\n\n\n<figure class=\"wp-block-image size-large\"><img loading=\"lazy\" decoding=\"async\" width=\"1024\" height=\"683\" src=\"https:\/\/gwiezdnykrag.pl\/wp-content\/uploads\/2022\/06\/IMG_4168-1024x683.jpg\" alt=\"\" class=\"wp-image-798\" srcset=\"https:\/\/gwiezdnykrag.pl\/wp-content\/uploads\/2022\/06\/IMG_4168-1024x683.jpg 1024w, https:\/\/gwiezdnykrag.pl\/wp-content\/uploads\/2022\/06\/IMG_4168-300x200.jpg 300w, https:\/\/gwiezdnykrag.pl\/wp-content\/uploads\/2022\/06\/IMG_4168-768x512.jpg 768w, https:\/\/gwiezdnykrag.pl\/wp-content\/uploads\/2022\/06\/IMG_4168-1536x1024.jpg 1536w, https:\/\/gwiezdnykrag.pl\/wp-content\/uploads\/2022\/06\/IMG_4168-2048x1365.jpg 2048w, https:\/\/gwiezdnykrag.pl\/wp-content\/uploads\/2022\/06\/IMG_4168-410x273.jpg 410w, https:\/\/gwiezdnykrag.pl\/wp-content\/uploads\/2022\/06\/IMG_4168-100x67.jpg 100w, https:\/\/gwiezdnykrag.pl\/wp-content\/uploads\/2022\/06\/IMG_4168-275x183.jpg 275w\" sizes=\"auto, (max-width: 1024px) 100vw, 1024px\" \/><\/figure>\n\n\n\n<p>Klasyfikacja uczestnik\u00f3w:<\/p>\n\n\n\n<ul class=\"wp-block-list\"><li>miejsce I: Zuzanna Marciniak, III Liceum Og\u00f3lnokszta\u0142c\u0105ce im. A. Mickiewicza w Katowicach;<\/li><li>miejsce II: Maksymilian Gr\u0105dz, I Liceum Og\u00f3lnokszta\u0142c\u0105ce im. St. Staszica w Lublinie;<\/li><li>miejsce III: Wiktoria Bzoma, Liceum Og\u00f3lnokszta\u0142c\u0105ce im. B. Prusa w Skierniewicach;<\/li><li>miejsce IV: Jakub Banach, XII Liceum Og\u00f3lnokszta\u0142c\u0105ce im. B. Chrobrego we Wroc\u0142awiu;<\/li><li>miejsce V: Marcel Fabia\u0144czyk, V Liceum Og\u00f3lnokszta\u0142c\u0105ce im. A. Witkowskiego w Krakowie;<\/li><li>miejsce VI: Micha\u0142 Branicki, VIII Publiczne Liceum Og\u00f3lnokszta\u0142c\u0105ce im. A. Kami\u0144skiego w Opolu;<\/li><li>miejsce VII: Jakub \u0141aganowski, I Liceum Og\u00f3lnokszta\u0142c\u0105ce im. C. K. Norwida z Oddzia\u0142ami Dwuj\u0119zycznymi w Bydgoszczy;<\/li><li>miejsce VIII: Jerzy Szempli\u0144ski, XIV Liceum Og\u00f3lnokszta\u0142c\u0105ce im. S. Staszica w Warszawie;<\/li><li>miejsce IX: Karol Jamr\u00f3z, II Liceum Og\u00f3lnokszta\u0142c\u0105ce im. Ks. Anny z Sapieh\u00f3w Jab\u0142onkowskiej w Bia\u0142ymstoku;<\/li><li>miejsce X: Jacek Dobia\u0144ski, Spo\u0142eczne Liceum Og\u00f3lnokszta\u0142c\u0105ce STO w Szczecinku.<\/li><\/ul>\n\n\n\n<figure class=\"wp-block-image size-large\"><img loading=\"lazy\" decoding=\"async\" width=\"1024\" height=\"683\" src=\"https:\/\/gwiezdnykrag.pl\/wp-content\/uploads\/2022\/06\/IMG_4201-1024x683.jpg\" alt=\"\" class=\"wp-image-799\" srcset=\"https:\/\/gwiezdnykrag.pl\/wp-content\/uploads\/2022\/06\/IMG_4201-1024x683.jpg 1024w, https:\/\/gwiezdnykrag.pl\/wp-content\/uploads\/2022\/06\/IMG_4201-300x200.jpg 300w, https:\/\/gwiezdnykrag.pl\/wp-content\/uploads\/2022\/06\/IMG_4201-768x512.jpg 768w, https:\/\/gwiezdnykrag.pl\/wp-content\/uploads\/2022\/06\/IMG_4201-1536x1024.jpg 1536w, https:\/\/gwiezdnykrag.pl\/wp-content\/uploads\/2022\/06\/IMG_4201-2048x1365.jpg 2048w, https:\/\/gwiezdnykrag.pl\/wp-content\/uploads\/2022\/06\/IMG_4201-410x273.jpg 410w, https:\/\/gwiezdnykrag.pl\/wp-content\/uploads\/2022\/06\/IMG_4201-100x67.jpg 100w, https:\/\/gwiezdnykrag.pl\/wp-content\/uploads\/2022\/06\/IMG_4201-275x183.jpg 275w\" sizes=\"auto, (max-width: 1024px) 100vw, 1024px\" \/><\/figure>\n\n\n\n<p><strong>Kontekst:<\/strong><\/p>\n\n\n\n<p>Og\u00f3lnopolska Olimpiada Wiedzy o Unii Europejskiej \u201eGwiezdny Kr\u0105g\u201d to najwi\u0119kszy tego typu projekt edukacji europejskiej w Polsce organizowany od 2004 roku. W jego przebieg zaanga\u017cowane s\u0105 punkty Europe Direct, Centra Dokumentacji Europejskiej, eksperci Team Europe.<\/p>\n\n\n\n<p>Olimpiada koncentruje si\u0119 g\u0142\u00f3wnie na praktycznym wykorzystaniu wiedzy uczestnik\u00f3w. Jej celem nie jest wymaganie encyklopedycznej wiedzy z zakresu funkcjonowania Unii Europejskiej, liczby pos\u0142\u00f3w w Parlamencie Europejskim, czy tego w kt\u00f3rym roku jaki traktat zosta\u0142 podpisany. Za\u0142o\u017ceniem organizator\u00f3w Olimpiady jest poprzez tryb przeprowadzania poszczeg\u00f3lnych etap\u00f3w, podejmowanie dzia\u0142a\u0144 maj\u0105cych na celu zrozumienie proces\u00f3w zachodz\u0105cych w Unii Europejskiej, jej pa\u0144stwach cz\u0142onkowskich, a tak\u017ce relacji z podmiotami trzecimi.<\/p>\n","protected":false},"excerpt":{"rendered":"<p>A\u017c dwie kobiety w fina\u0142owej tr\u00f3jce Og\u00f3lnopolskiej Olimpiady Wiedzy o Unii Europejskiej \u201eGwiezdny Kr\u0105g\u201d. Zuzanna Marciniak z Katowic zaj\u0119\u0142a pierwsze miejsce w tegorocznej edycji Olimpiady. W nagrod\u0119 uda si\u0119 na p\u0142atny sta\u017c do Parlamentu Europejskiego na zaproszenie Janusza Lewandowskiego. \u201eOrganizujemy ten konkurs oczywi\u015bcie nie tylko po to, \u017ceby zwyci\u0119zcy skorzystali z tego, tylko dlatego, \u017ce [&hellip;]<\/p>\n","protected":false},"author":2,"featured_media":800,"comment_status":"closed","ping_status":"closed","sticky":false,"template":"","format":"standard","meta":{"footnotes":""},"categories":[1],"tags":[],"class_list":["post-797","post","type-post","status-publish","format-standard","has-post-thumbnail","hentry","category-aktualnosci"],"_links":{"self":[{"href":"https:\/\/gwiezdnykrag.pl\/index.php\/wp-json\/wp\/v2\/posts\/797","targetHints":{"allow":["GET"]}}],"collection":[{"href":"https:\/\/gwiezdnykrag.pl\/index.php\/wp-json\/wp\/v2\/posts"}],"about":[{"href":"https:\/\/gwiezdnykrag.pl\/index.php\/wp-json\/wp\/v2\/types\/post"}],"author":[{"embeddable":true,"href":"https:\/\/gwiezdnykrag.pl\/index.php\/wp-json\/wp\/v2\/users\/2"}],"replies":[{"embeddable":true,"href":"https:\/\/gwiezdnykrag.pl\/index.php\/wp-json\/wp\/v2\/comments?post=797"}],"version-history":[{"count":1,"href":"https:\/\/gwiezdnykrag.pl\/index.php\/wp-json\/wp\/v2\/posts\/797\/revisions"}],"predecessor-version":[{"id":801,"href":"https:\/\/gwiezdnykrag.pl\/index.php\/wp-json\/wp\/v2\/posts\/797\/revisions\/801"}],"wp:featuredmedia":[{"embeddable":true,"href":"https:\/\/gwiezdnykrag.pl\/index.php\/wp-json\/wp\/v2\/media\/800"}],"wp:attachment":[{"href":"https:\/\/gwiezdnykrag.pl\/index.php\/wp-json\/wp\/v2\/media?parent=797"}],"wp:term":[{"taxonomy":"category","embeddable":true,"href":"https:\/\/gwiezdnykrag.pl\/index.php\/wp-json\/wp\/v2\/categories?post=797"},{"taxonomy":"post_tag","embeddable":true,"href":"https:\/\/gwiezdnykrag.pl\/index.php\/wp-json\/wp\/v2\/tags?post=797"}],"curies":[{"name":"wp","href":"https:\/\/api.w.org\/{rel}","templated":true}]}}