{"id":609,"date":"2021-06-17T06:55:35","date_gmt":"2021-06-17T04:55:35","guid":{"rendered":"http:\/\/gwiezdnykrag.pl\/?p=609"},"modified":"2021-06-17T06:59:46","modified_gmt":"2021-06-17T04:59:46","slug":"debata-finalowa-olimpiady","status":"publish","type":"post","link":"https:\/\/gwiezdnykrag.pl\/index.php\/2021\/06\/17\/debata-finalowa-olimpiady\/","title":{"rendered":"Debata fina\u0142owa oraz Gala wr\u0119czenia nagr\u00f3d Olimpiady"},"content":{"rendered":"<p>Przedstawicielstwo Komisji Europejskiej w Polsce, Parlament Europejski Biuro w Polsce oraz sie\u0107 Europe Direct w Polsce serdecznie zapraszaj\u0105 uczni\u00f3w i nauczycieli, student\u00f3w i pracownik\u00f3w naukowych, samorz\u0105dowc\u00f3w i wszystkich zainteresowanych obywateli UE do bezpo\u015bredniego uczestnictwa w debacie fina\u0142owej XVI edycji Og\u00f3lnopolskiej Olimpiady Wiedzy o Unii Europejskiej &#8222;Gwiezdny Kr\u0105g&#8221;, kt\u00f3ra odb\u0119dzie si\u0119 17 czerwca 2021 roku o godz. 11:00 i b\u0119dzie transmitowana na \u017cywo poprzez internetowe kana\u0142y komunikacji.<\/p>\n<p>Link do wydarzenia, gdzie odb\u0119dzie si\u0119 transmisja: <strong>https:\/\/www.facebook.com\/events\/310519563861565?ref=newsfeed<\/strong><\/p>\n<p><img loading=\"lazy\" decoding=\"async\" class=\"alignnone wp-image-613 size-full\" src=\"http:\/\/gwiezdnykrag.pl\/wp-content\/uploads\/2021\/06\/Wolimiapda-wiedzy_2021_zaproszenie-gala.jpg\" alt=\"\" width=\"2067\" height=\"1457\" srcset=\"https:\/\/gwiezdnykrag.pl\/wp-content\/uploads\/2021\/06\/Wolimiapda-wiedzy_2021_zaproszenie-gala.jpg 2067w, https:\/\/gwiezdnykrag.pl\/wp-content\/uploads\/2021\/06\/Wolimiapda-wiedzy_2021_zaproszenie-gala-300x211.jpg 300w, https:\/\/gwiezdnykrag.pl\/wp-content\/uploads\/2021\/06\/Wolimiapda-wiedzy_2021_zaproszenie-gala-1024x722.jpg 1024w, https:\/\/gwiezdnykrag.pl\/wp-content\/uploads\/2021\/06\/Wolimiapda-wiedzy_2021_zaproszenie-gala-768x541.jpg 768w, https:\/\/gwiezdnykrag.pl\/wp-content\/uploads\/2021\/06\/Wolimiapda-wiedzy_2021_zaproszenie-gala-1536x1083.jpg 1536w, https:\/\/gwiezdnykrag.pl\/wp-content\/uploads\/2021\/06\/Wolimiapda-wiedzy_2021_zaproszenie-gala-2048x1444.jpg 2048w, https:\/\/gwiezdnykrag.pl\/wp-content\/uploads\/2021\/06\/Wolimiapda-wiedzy_2021_zaproszenie-gala-410x289.jpg 410w, https:\/\/gwiezdnykrag.pl\/wp-content\/uploads\/2021\/06\/Wolimiapda-wiedzy_2021_zaproszenie-gala-100x70.jpg 100w, https:\/\/gwiezdnykrag.pl\/wp-content\/uploads\/2021\/06\/Wolimiapda-wiedzy_2021_zaproszenie-gala-275x194.jpg 275w\" sizes=\"auto, (max-width: 2067px) 100vw, 2067px\" \/><\/p>\n<p>Gala fina\u0142owa Olimpiady odb\u0119dzie si\u0119 18 czerwca 2021 roku o godz. 10:00 w Urz\u0119dzie Miejskim w S\u0142upsku, a tu\u017c po niej odb\u0119dzie si\u0119 debata ekspercka z udzia\u0142em zaproszonych go\u015bci.<\/p>\n<p>Zapraszamy!<\/p>\n","protected":false},"excerpt":{"rendered":"<p>Przedstawicielstwo Komisji Europejskiej w Polsce, Parlament Europejski Biuro w Polsce oraz sie\u0107 Europe Direct w Polsce serdecznie zapraszaj\u0105 uczni\u00f3w i nauczycieli, student\u00f3w i pracownik\u00f3w naukowych, samorz\u0105dowc\u00f3w i wszystkich zainteresowanych obywateli UE do bezpo\u015bredniego uczestnictwa w debacie fina\u0142owej XVI edycji Og\u00f3lnopolskiej Olimpiady Wiedzy o Unii Europejskiej &#8222;Gwiezdny Kr\u0105g&#8221;, kt\u00f3ra odb\u0119dzie si\u0119 17 czerwca 2021 roku o [&hellip;]<\/p>\n","protected":false},"author":2,"featured_media":610,"comment_status":"closed","ping_status":"closed","sticky":false,"template":"","format":"standard","meta":{"footnotes":""},"categories":[1],"tags":[],"class_list":["post-609","post","type-post","status-publish","format-standard","has-post-thumbnail","hentry","category-aktualnosci"],"_links":{"self":[{"href":"https:\/\/gwiezdnykrag.pl\/index.php\/wp-json\/wp\/v2\/posts\/609","targetHints":{"allow":["GET"]}}],"collection":[{"href":"https:\/\/gwiezdnykrag.pl\/index.php\/wp-json\/wp\/v2\/posts"}],"about":[{"href":"https:\/\/gwiezdnykrag.pl\/index.php\/wp-json\/wp\/v2\/types\/post"}],"author":[{"embeddable":true,"href":"https:\/\/gwiezdnykrag.pl\/index.php\/wp-json\/wp\/v2\/users\/2"}],"replies":[{"embeddable":true,"href":"https:\/\/gwiezdnykrag.pl\/index.php\/wp-json\/wp\/v2\/comments?post=609"}],"version-history":[{"count":3,"href":"https:\/\/gwiezdnykrag.pl\/index.php\/wp-json\/wp\/v2\/posts\/609\/revisions"}],"predecessor-version":[{"id":614,"href":"https:\/\/gwiezdnykrag.pl\/index.php\/wp-json\/wp\/v2\/posts\/609\/revisions\/614"}],"wp:featuredmedia":[{"embeddable":true,"href":"https:\/\/gwiezdnykrag.pl\/index.php\/wp-json\/wp\/v2\/media\/610"}],"wp:attachment":[{"href":"https:\/\/gwiezdnykrag.pl\/index.php\/wp-json\/wp\/v2\/media?parent=609"}],"wp:term":[{"taxonomy":"category","embeddable":true,"href":"https:\/\/gwiezdnykrag.pl\/index.php\/wp-json\/wp\/v2\/categories?post=609"},{"taxonomy":"post_tag","embeddable":true,"href":"https:\/\/gwiezdnykrag.pl\/index.php\/wp-json\/wp\/v2\/tags?post=609"}],"curies":[{"name":"wp","href":"https:\/\/api.w.org\/{rel}","templated":true}]}}