{"id":507,"date":"2020-10-29T12:20:27","date_gmt":"2020-10-29T11:20:27","guid":{"rendered":"http:\/\/gwiezdnykrag.pl\/?p=507"},"modified":"2020-11-25T09:15:42","modified_gmt":"2020-11-25T08:15:42","slug":"rusza-xvi-edycja-olimpiady-gwiezdny-krag","status":"publish","type":"post","link":"https:\/\/gwiezdnykrag.pl\/index.php\/2020\/10\/29\/rusza-xvi-edycja-olimpiady-gwiezdny-krag\/","title":{"rendered":"Rusza XVI edycja Olimpiady &#8222;Gwiezdny kr\u0105g&#8221;!"},"content":{"rendered":"<p><strong>Mi\u0142o nam poinformowa\u0107, \u017ce Og\u00f3lnopolska Olimpiada Wiedzy o Unii Europejskiej &#8222;Gwiezdny kr\u0105g&#8221; rusza po raz XVI!!!<\/strong><\/p>\n<p><em><strong>W imieniu Przedstawicielstwa Komisji Europejskiej w Polsce, Parlamentu Europejskiego Biura w Polsce oraz sieci Informacji Europejskiej Europe Direct w Polsce serdecznie zapraszamy uczni\u00f3w szk\u00f3\u0142 ponadpodstawowych do udzia\u0142u w XVI edycji Og\u00f3lnopolskiej Olimpiady Wiedzy o Unii Europejskiej \u201eGwiezdny Kr\u0105g\u201d. I etap szkolny odb\u0119dzie si\u0119 ju\u017c 03 grudnia 2020 roku.<\/strong><\/em><\/p>\n<p>W tegorocznej edycji terminy kolejnych etap\u00f3w Olimpiady b\u0119d\u0105 udost\u0119pniane na bie\u017c\u0105co, gdy\u017c nie jeste\u015bmy w stanie przewidzie\u0107 rozwoju sytuacji pandemicznej w kraju.<\/p>\n<p><strong> Na laureat\u00f3w czekaj\u0105 liczne cenne nagrody rzeczowe. Natomiast najlepszy finalista uda si\u0119 na miesi\u0119czny p\u0142atny sta\u017c do Parlamentu Europejskiego na zaproszenie Janusza Lewandowskiego Pos\u0142a do Parlamentu Europejskiego.\u00a0<\/strong><\/p>\n<p>Jednocze\u015bnie uprzejmie informujemy, \u017ce laureaci Og\u00f3lnopolskiej Olimpiady Wiedzy o Unii Europejskiej \u201eGwiezdny Kr\u0105g\u201d na mocy Uchwa\u0142y nr 379 Senatu Uniwersytetu Warszawskiego z dnia 19 grudnia 2018 r. w sprawie szczeg\u00f3\u0142owych zasad przyjmowania na studia laureat\u00f3w i finalist\u00f3w olimpiad stopnia centralnego oraz laureat\u00f3w i finalist\u00f3w konkurs\u00f3w og\u00f3lnopolskich i mi\u0119dzynarodowych w roku akademickim 2020\/2021, 2021\/2022 oraz 2022\/2023, <strong>otrzymuj\u0105 maksymaln\u0105 liczb\u0119 punkt\u00f3w mo\u017cliwych do zdobycia w post\u0119powaniu kwalifikacyjnym na kierunkach:<\/strong><\/p>\n<ul>\n<li><strong>europeistyka;<\/strong><\/li>\n<li><strong>europeistyka \u2013 integracja europejska;<\/strong><\/li>\n<li><strong>kulturoznawstwo \u2013 wiedza o kulturze;<\/strong><\/li>\n<li><strong>European Politics and Economics.<\/strong><\/li>\n<\/ul>\n<p>Szko\u0142y zainteresowane udzia\u0142em proszone s\u0105 o przes\u0142anie formularza zg\u0142oszeniowego na adres:\u00a0<strong><em><a href=\"mailto:kontakt@gwiezdnykrag.pl\">kontakt@gwiezdnykrag.pl<\/a><\/em> do 01 grudnia 2020 roku. <\/strong>Komitet Organizacyjny I etapu Olimpiady ma siedzib\u0119 w <strong>Punkcie Informacji Europejskiej Europe Direct \u2013 S\u0142upsk<\/strong>, ul. Partyzant\u00f3w 31A, 76 \u2013 200 S\u0142upsk, tel.\u00a0<strong>794 725\u00a0448<\/strong>, mail.\u00a0<em><strong><a href=\"mailto:kontakt@gwiezdnykrag.pl\">kontakt@gwiezdnykrag.pl<\/a> <\/strong><\/em>natomiast kolejne etapy b\u0119d\u0105 organizowane bezpo\u015brednio przez Przedstawicielstwo Komisji Europejskiej w Polsce.<\/p>\n<p>&nbsp;<\/p>\n<p>&nbsp;<\/p>\n","protected":false},"excerpt":{"rendered":"<p>Mi\u0142o nam poinformowa\u0107, \u017ce Og\u00f3lnopolska Olimpiada Wiedzy o Unii Europejskiej &#8222;Gwiezdny kr\u0105g&#8221; rusza po raz XVI!!! W imieniu Przedstawicielstwa Komisji Europejskiej w Polsce, Parlamentu Europejskiego Biura w Polsce oraz sieci Informacji Europejskiej Europe Direct w Polsce serdecznie zapraszamy uczni\u00f3w szk\u00f3\u0142 ponadpodstawowych do udzia\u0142u w XVI edycji Og\u00f3lnopolskiej Olimpiady Wiedzy o Unii Europejskiej \u201eGwiezdny Kr\u0105g\u201d. I [&hellip;]<\/p>\n","protected":false},"author":2,"featured_media":551,"comment_status":"closed","ping_status":"closed","sticky":false,"template":"","format":"standard","meta":{"footnotes":""},"categories":[1],"tags":[],"class_list":["post-507","post","type-post","status-publish","format-standard","has-post-thumbnail","hentry","category-aktualnosci"],"_links":{"self":[{"href":"https:\/\/gwiezdnykrag.pl\/index.php\/wp-json\/wp\/v2\/posts\/507","targetHints":{"allow":["GET"]}}],"collection":[{"href":"https:\/\/gwiezdnykrag.pl\/index.php\/wp-json\/wp\/v2\/posts"}],"about":[{"href":"https:\/\/gwiezdnykrag.pl\/index.php\/wp-json\/wp\/v2\/types\/post"}],"author":[{"embeddable":true,"href":"https:\/\/gwiezdnykrag.pl\/index.php\/wp-json\/wp\/v2\/users\/2"}],"replies":[{"embeddable":true,"href":"https:\/\/gwiezdnykrag.pl\/index.php\/wp-json\/wp\/v2\/comments?post=507"}],"version-history":[{"count":9,"href":"https:\/\/gwiezdnykrag.pl\/index.php\/wp-json\/wp\/v2\/posts\/507\/revisions"}],"predecessor-version":[{"id":541,"href":"https:\/\/gwiezdnykrag.pl\/index.php\/wp-json\/wp\/v2\/posts\/507\/revisions\/541"}],"wp:featuredmedia":[{"embeddable":true,"href":"https:\/\/gwiezdnykrag.pl\/index.php\/wp-json\/wp\/v2\/media\/551"}],"wp:attachment":[{"href":"https:\/\/gwiezdnykrag.pl\/index.php\/wp-json\/wp\/v2\/media?parent=507"}],"wp:term":[{"taxonomy":"category","embeddable":true,"href":"https:\/\/gwiezdnykrag.pl\/index.php\/wp-json\/wp\/v2\/categories?post=507"},{"taxonomy":"post_tag","embeddable":true,"href":"https:\/\/gwiezdnykrag.pl\/index.php\/wp-json\/wp\/v2\/tags?post=507"}],"curies":[{"name":"wp","href":"https:\/\/api.w.org\/{rel}","templated":true}]}}