{"id":439,"date":"2019-11-20T13:54:18","date_gmt":"2019-11-20T12:54:18","guid":{"rendered":"http:\/\/gwiezdnykrag.pl\/?p=439"},"modified":"2019-11-26T11:53:42","modified_gmt":"2019-11-26T10:53:42","slug":"wazne-wyniki-ii-etapu-wraz-z-lista-laureatow-xv-edycji-gwiezdnego-kregu","status":"publish","type":"post","link":"https:\/\/gwiezdnykrag.pl\/index.php\/2019\/11\/20\/wazne-wyniki-ii-etapu-wraz-z-lista-laureatow-xv-edycji-gwiezdnego-kregu\/","title":{"rendered":"WA\u017bNE! Wyniki II etapu wraz z list\u0105 laureat\u00f3w XV edycji Gwiezdnego Kr\u0119gu!!"},"content":{"rendered":"<p><em>Drodzy uczestnicy!<\/em><\/p>\n<p>Mamy ogromn\u0105 przyjemno\u015b\u0107 przedstawi\u0107 wyniki II etapu XV edycji Og\u00f3lnopolskiej Olimpiady Wiedzy o Unii Europejskiej &#8222;Gwiezdny kr\u0105g&#8221;.<\/p>\n<p><strong><a href=\"http:\/\/gwiezdnykrag.pl\/wp-content\/uploads\/2019\/11\/Wyniki-II-etap.pdf\">Wyniki II etap<\/a><\/strong><\/p>\n<p>WA\u017bNE!! W tej edycji laureat\u00f3w jest 12! Zgodnie z decyzj\u0105 Organizator\u00f3w trzy ostatnie miejsca\u00a0ex aequo przechodz\u0105 do fina\u0142u!<\/p>\n<p>Poni\u017cej przedstawiamy list\u0119 laureat\u00f3w:<\/p>\n<ol>\n<li><strong>Maciej Pawlica<\/strong> <em>Liceum Og\u00f3lnokszta\u0142c\u0105ce nr XIV im. Polonii Belgijskiej we Wroc\u0142awiu<\/em> z ilo\u015bci\u0105 84 p.<\/li>\n<li><strong>Micha\u0142 Magnuszewski<\/strong> <em>IV Liceum Og\u00f3lnokszta\u0142c\u0105ce im. Cypriana Kamila Norwida w Bia\u0142ymstoku<\/em>\u00a0z ilo\u015bci\u0105 82 p.<\/li>\n<li><strong>Bart\u0142omiej Kosiedowski<\/strong> <em>Liceum Og\u00f3lnokszta\u0142c\u0105ce im. Filomat\u00f3w Chojnickich w Chojnicach<\/em>\u00a0z ilo\u015bci\u0105 81 p.<\/li>\n<li><strong>Micha\u0142 Wnorowski\u00a0<\/strong><em>IV Liceum Og\u00f3lnokszta\u0142c\u0105ce im. Cypriana Kamila Norwida w Bia\u0142ymstoku<\/em>\u00a0z ilo\u015bci\u0105 74 p.<\/li>\n<li><strong>Wojciech \u015aliz<\/strong> <em>V Liceum Og\u00f3lnokszta\u0142c\u0105ce im. Augusta Witkowskiego w Krakowie<\/em>\u00a0z ilo\u015bci\u0105 72 p.<\/li>\n<li><strong>Krzysztof Bartela<\/strong> <em>Liceum Og\u00f3lnokszta\u0142c\u0105ce im. Filomat\u00f3w Chojnickich w Chojnicach<\/em>\u00a0z ilo\u015bci\u0105 72 p.<\/li>\n<li><strong>Marta Berent<\/strong> <em>Liceum Og\u00f3lnokszta\u0142c\u0105ce im. Filomat\u00f3w Chojnickich w Chojnicach<\/em>\u00a0z ilo\u015bci\u0105 71 p.<\/li>\n<li><strong>Jakub Al-Darawsheh Ahmad<\/strong> <em>XL Liceum Og\u00f3lnokszta\u0142c\u0105ce z Oddzia\u0142ami Dwuj\u0119zycznymi im. Stefana \u017beromskiego w Warszawie<\/em>\u00a0z ilo\u015bci\u0105 70 p.<\/li>\n<li><strong>Jan Sobu\u015b<\/strong> <em>II Liceum Og\u00f3lnokszta\u0142c\u0105ce, Zesp\u00f3\u0142 Szk\u00f3\u0142 Nr 1 im. Janusza Korczaka w \u0141a\u0144cucie<\/em>\u00a0z ilo\u015bci\u0105 70 p.<\/li>\n<li><strong>Patrycja Kluch<\/strong> <em>III Liceum Og\u00f3lnokszta\u0142c\u0105ce im. Unii Lubelskiej w Lublinie<\/em>\u00a0z ilo\u015bci\u0105 67 p.<\/li>\n<li><strong>Jeremi Mr\u00f3wczy\u0144ski<\/strong> <em>Liceum Og\u00f3lnokszta\u0142c\u0105ce im. Filomat\u00f3w Chojnickich w Chojnicach<\/em>\u00a0z ilo\u015bci\u0105 67 p.<\/li>\n<li><strong>Aleksander Hycnar\u00a0<\/strong><em>IX Liceum Og\u00f3lnokszta\u0142c\u0105ce z Oddzia\u0142ami Dwuj\u0119zycznymi im. \u015bw. Kr\u00f3lowej Jadwigi w Rzeszowie <\/em>z ilo\u015bci\u0105 67 p.<\/li>\n<\/ol>\n<p style=\"text-align: center;\"><strong>Gratulujemy i do zobaczenia w S\u0142upsku!!!<\/strong><\/p>\n","protected":false},"excerpt":{"rendered":"<p>Drodzy uczestnicy! Mamy ogromn\u0105 przyjemno\u015b\u0107 przedstawi\u0107 wyniki II etapu XV edycji Og\u00f3lnopolskiej Olimpiady Wiedzy o Unii Europejskiej &#8222;Gwiezdny kr\u0105g&#8221;. Wyniki II etap WA\u017bNE!! W tej edycji laureat\u00f3w jest 12! Zgodnie z decyzj\u0105 Organizator\u00f3w trzy ostatnie miejsca\u00a0ex aequo przechodz\u0105 do fina\u0142u! Poni\u017cej przedstawiamy list\u0119 laureat\u00f3w: Maciej Pawlica Liceum Og\u00f3lnokszta\u0142c\u0105ce nr XIV im. Polonii Belgijskiej we Wroc\u0142awiu [&hellip;]<\/p>\n","protected":false},"author":1,"featured_media":0,"comment_status":"closed","ping_status":"closed","sticky":false,"template":"","format":"standard","meta":{"footnotes":""},"categories":[1],"tags":[],"class_list":["post-439","post","type-post","status-publish","format-standard","hentry","category-aktualnosci"],"_links":{"self":[{"href":"https:\/\/gwiezdnykrag.pl\/index.php\/wp-json\/wp\/v2\/posts\/439","targetHints":{"allow":["GET"]}}],"collection":[{"href":"https:\/\/gwiezdnykrag.pl\/index.php\/wp-json\/wp\/v2\/posts"}],"about":[{"href":"https:\/\/gwiezdnykrag.pl\/index.php\/wp-json\/wp\/v2\/types\/post"}],"author":[{"embeddable":true,"href":"https:\/\/gwiezdnykrag.pl\/index.php\/wp-json\/wp\/v2\/users\/1"}],"replies":[{"embeddable":true,"href":"https:\/\/gwiezdnykrag.pl\/index.php\/wp-json\/wp\/v2\/comments?post=439"}],"version-history":[{"count":4,"href":"https:\/\/gwiezdnykrag.pl\/index.php\/wp-json\/wp\/v2\/posts\/439\/revisions"}],"predecessor-version":[{"id":456,"href":"https:\/\/gwiezdnykrag.pl\/index.php\/wp-json\/wp\/v2\/posts\/439\/revisions\/456"}],"wp:attachment":[{"href":"https:\/\/gwiezdnykrag.pl\/index.php\/wp-json\/wp\/v2\/media?parent=439"}],"wp:term":[{"taxonomy":"category","embeddable":true,"href":"https:\/\/gwiezdnykrag.pl\/index.php\/wp-json\/wp\/v2\/categories?post=439"},{"taxonomy":"post_tag","embeddable":true,"href":"https:\/\/gwiezdnykrag.pl\/index.php\/wp-json\/wp\/v2\/tags?post=439"}],"curies":[{"name":"wp","href":"https:\/\/api.w.org\/{rel}","templated":true}]}}