{"id":416,"date":"2019-11-12T12:02:35","date_gmt":"2019-11-12T11:02:35","guid":{"rendered":"http:\/\/gwiezdnykrag.pl\/?p=416"},"modified":"2019-11-14T10:33:04","modified_gmt":"2019-11-14T09:33:04","slug":"komitet-organizacyjny-podaje-siedziby-centrow-egzaminacyjnych-2","status":"publish","type":"post","link":"https:\/\/gwiezdnykrag.pl\/index.php\/2019\/11\/12\/komitet-organizacyjny-podaje-siedziby-centrow-egzaminacyjnych-2\/","title":{"rendered":"Komitet Organizacyjny podaje siedziby Centr\u00f3w Egzaminacyjnych"},"content":{"rendered":"<p><strong>Drodzy uczestnicy,<\/strong><\/p>\n<p>mi\u0142o nam poinformowa\u0107, \u017ce podajemy adresy centr\u00f3w egzaminacyjnych, w kt\u00f3rych odb\u0119dzie si\u0119 II etap XV edycji Og\u00f3lnopolskiej Olimpiady Wiedzy o Unii Europejskiej \u201eGwiezdny Kr\u0105g\u201d.<\/p>\n<p><strong>Maj\u0105c na uwadze kwestie organizacyjne, uprzejmie prosimy, by uczestnicy byli ju\u017c w wyznaczonych miejscach o godz. 11:40.<\/strong><\/p>\n<p>Przypominamy, \u017ce II etap odbywa si\u0119 15 listopada 2019 br. na terenie ca\u0142ego kraju o tej samej godzinie: <strong>12:00 \u2013 14:00<\/strong>. Polega on na rozwi\u0105zaniu testu z\u0142o\u017conego ze <strong>100 pyta\u0144 wielokrotnego wyboru<\/strong>, na rozwi\u0105zanie kt\u00f3rego uczestnik ma <strong>120 minut<\/strong>.<\/p>\n<p>Prosimy uczestnik\u00f3w by mieli ze sob\u0105 materia\u0142y do pisania oraz dokument potwierdzaj\u0105cy to\u017csamo\u015b\u0107 (np. legitymacja szkolna, dow\u00f3d osobisty).<\/p>\n<p style=\"text-align: center;\"><em>Wszystkim \u017cyczymy powodzenia!!!<\/em><\/p>\n<ul>\n<li><strong><a href=\"http:\/\/gwiezdnykrag.pl\/wp-content\/uploads\/2019\/11\/Podzia\u0142-na-centra-egzaminacyjne-Arkusz1-1-4.pdf\">Podzia\u0142 na centra egzaminacyjne<\/a><\/strong><\/li>\n<\/ul>\n","protected":false},"excerpt":{"rendered":"<p>Drodzy uczestnicy, mi\u0142o nam poinformowa\u0107, \u017ce podajemy adresy centr\u00f3w egzaminacyjnych, w kt\u00f3rych odb\u0119dzie si\u0119 II etap XV edycji Og\u00f3lnopolskiej Olimpiady Wiedzy o Unii Europejskiej \u201eGwiezdny Kr\u0105g\u201d. Maj\u0105c na uwadze kwestie organizacyjne, uprzejmie prosimy, by uczestnicy byli ju\u017c w wyznaczonych miejscach o godz. 11:40. Przypominamy, \u017ce II etap odbywa si\u0119 15 listopada 2019 br. na terenie [&hellip;]<\/p>\n","protected":false},"author":1,"featured_media":0,"comment_status":"closed","ping_status":"closed","sticky":false,"template":"","format":"standard","meta":{"footnotes":""},"categories":[1,8],"tags":[],"class_list":["post-416","post","type-post","status-publish","format-standard","hentry","category-aktualnosci","category-podcast"],"_links":{"self":[{"href":"https:\/\/gwiezdnykrag.pl\/index.php\/wp-json\/wp\/v2\/posts\/416","targetHints":{"allow":["GET"]}}],"collection":[{"href":"https:\/\/gwiezdnykrag.pl\/index.php\/wp-json\/wp\/v2\/posts"}],"about":[{"href":"https:\/\/gwiezdnykrag.pl\/index.php\/wp-json\/wp\/v2\/types\/post"}],"author":[{"embeddable":true,"href":"https:\/\/gwiezdnykrag.pl\/index.php\/wp-json\/wp\/v2\/users\/1"}],"replies":[{"embeddable":true,"href":"https:\/\/gwiezdnykrag.pl\/index.php\/wp-json\/wp\/v2\/comments?post=416"}],"version-history":[{"count":7,"href":"https:\/\/gwiezdnykrag.pl\/index.php\/wp-json\/wp\/v2\/posts\/416\/revisions"}],"predecessor-version":[{"id":432,"href":"https:\/\/gwiezdnykrag.pl\/index.php\/wp-json\/wp\/v2\/posts\/416\/revisions\/432"}],"wp:attachment":[{"href":"https:\/\/gwiezdnykrag.pl\/index.php\/wp-json\/wp\/v2\/media?parent=416"}],"wp:term":[{"taxonomy":"category","embeddable":true,"href":"https:\/\/gwiezdnykrag.pl\/index.php\/wp-json\/wp\/v2\/categories?post=416"},{"taxonomy":"post_tag","embeddable":true,"href":"https:\/\/gwiezdnykrag.pl\/index.php\/wp-json\/wp\/v2\/tags?post=416"}],"curies":[{"name":"wp","href":"https:\/\/api.w.org\/{rel}","templated":true}]}}