{"id":398,"date":"2019-10-30T15:29:42","date_gmt":"2019-10-30T14:29:42","guid":{"rendered":"http:\/\/gwiezdnykrag.pl\/?p=398"},"modified":"2019-11-14T10:39:27","modified_gmt":"2019-11-14T09:39:27","slug":"znamy-wyniki-i-etapu-olimpiady-3","status":"publish","type":"post","link":"https:\/\/gwiezdnykrag.pl\/index.php\/2019\/10\/30\/znamy-wyniki-i-etapu-olimpiady-3\/","title":{"rendered":"Znamy wyniki I etapu Olimpiady!"},"content":{"rendered":"<p>Drodzy Uczestnicy!<\/p>\n<p>mi\u0142o nam poinformowa\u0107, \u017ce Komitet Organizacyjny zako\u0144czy\u0142 w dniu dzisiejszym weryfikacj\u0119 protoko\u0142\u00f3w przes\u0142anych przez szkolne komisje. XV edycja Og\u00f3lnopolskiej Olimpiady Wiedzy o Unii Europejskiej \u201eGwiezdny Kr\u0105g\u201d cieszy\u0142a si\u0119 ogromnym zainteresowaniem, bowiem w I etapie wzi\u0119\u0142o udzia\u0142 <strong>2739<\/strong> uczni\u00f3w reprezentuj\u0105cych <strong>175<\/strong> szk\u00f3\u0142 w ca\u0142ym kraju! A co najwa\u017cniejsze widoczny jest wzrost\u00a0poziomu wiedzy uczestnik\u00f3w, co potwierdza najwy\u017csza w historii Olimpiady liczba uczestnik\u00f3w, kt\u00f3ra zakwalifikowa\u0142a si\u0119 do II etapu Olimpiady \u2013 <strong>801<\/strong> os\u00f3b!<\/p>\n<p>Wielkie gratulacje!<\/p>\n<p>Przypominamy, \u017ce 12 listopada 2019 roku na naszej stronie internetowej pojawi si\u0119 wykaz centr\u00f3w egzaminacyjnych. Ka\u017cdy z uczestnik\u00f3w zostanie przypisany do najbli\u017cszego centrum egzaminacyjnego. Natomiast 15 listopada o godz. 12.00 rozpoczniemy II etap. Najlepsza 10 zakwalifikuje si\u0119 do rozgrywek fina\u0142owych. Polecamy zapozna\u0107 si\u0119 z list\u0105 zagadnie\u0144 obowi\u0105zuj\u0105c\u0105 w II etapie \u2013 dost\u0119pna w zak\u0142adce \u201epliki do pobrania\u201d.<\/p>\n<ul>\n<li><strong><a href=\"http:\/\/gwiezdnykrag.pl\/wp-content\/uploads\/2019\/10\/Lista-os\u00f3b-kt\u00f3ra-zakwalifikowa\u0142a-si\u0119-do-II-etapu-GK-2019-1-2.pdf\">Lista os\u00f3b, kt\u00f3ra zakwalifikowa\u0142a si\u0119 do II etapu GK 2019<\/a><\/strong><\/li>\n<\/ul>\n","protected":false},"excerpt":{"rendered":"<p>Drodzy Uczestnicy! mi\u0142o nam poinformowa\u0107, \u017ce Komitet Organizacyjny zako\u0144czy\u0142 w dniu dzisiejszym weryfikacj\u0119 protoko\u0142\u00f3w przes\u0142anych przez szkolne komisje. XV edycja Og\u00f3lnopolskiej Olimpiady Wiedzy o Unii Europejskiej \u201eGwiezdny Kr\u0105g\u201d cieszy\u0142a si\u0119 ogromnym zainteresowaniem, bowiem w I etapie wzi\u0119\u0142o udzia\u0142 2739 uczni\u00f3w reprezentuj\u0105cych 175 szk\u00f3\u0142 w ca\u0142ym kraju! A co najwa\u017cniejsze widoczny jest wzrost\u00a0poziomu wiedzy uczestnik\u00f3w, co [&hellip;]<\/p>\n","protected":false},"author":1,"featured_media":0,"comment_status":"closed","ping_status":"closed","sticky":false,"template":"","format":"standard","meta":{"footnotes":""},"categories":[1,8],"tags":[],"class_list":["post-398","post","type-post","status-publish","format-standard","hentry","category-aktualnosci","category-podcast"],"_links":{"self":[{"href":"https:\/\/gwiezdnykrag.pl\/index.php\/wp-json\/wp\/v2\/posts\/398","targetHints":{"allow":["GET"]}}],"collection":[{"href":"https:\/\/gwiezdnykrag.pl\/index.php\/wp-json\/wp\/v2\/posts"}],"about":[{"href":"https:\/\/gwiezdnykrag.pl\/index.php\/wp-json\/wp\/v2\/types\/post"}],"author":[{"embeddable":true,"href":"https:\/\/gwiezdnykrag.pl\/index.php\/wp-json\/wp\/v2\/users\/1"}],"replies":[{"embeddable":true,"href":"https:\/\/gwiezdnykrag.pl\/index.php\/wp-json\/wp\/v2\/comments?post=398"}],"version-history":[{"count":7,"href":"https:\/\/gwiezdnykrag.pl\/index.php\/wp-json\/wp\/v2\/posts\/398\/revisions"}],"predecessor-version":[{"id":434,"href":"https:\/\/gwiezdnykrag.pl\/index.php\/wp-json\/wp\/v2\/posts\/398\/revisions\/434"}],"wp:attachment":[{"href":"https:\/\/gwiezdnykrag.pl\/index.php\/wp-json\/wp\/v2\/media?parent=398"}],"wp:term":[{"taxonomy":"category","embeddable":true,"href":"https:\/\/gwiezdnykrag.pl\/index.php\/wp-json\/wp\/v2\/categories?post=398"},{"taxonomy":"post_tag","embeddable":true,"href":"https:\/\/gwiezdnykrag.pl\/index.php\/wp-json\/wp\/v2\/tags?post=398"}],"curies":[{"name":"wp","href":"https:\/\/api.w.org\/{rel}","templated":true}]}}