{"id":309,"date":"2018-11-19T20:23:36","date_gmt":"2018-11-19T19:23:36","guid":{"rendered":"http:\/\/gwiezdnykrag.pl\/?p=309"},"modified":"2018-11-19T20:26:01","modified_gmt":"2018-11-19T19:26:01","slug":"znamy-finalowa-10-uczestnikow-xiv-edycji-olimpiady","status":"publish","type":"post","link":"https:\/\/gwiezdnykrag.pl\/index.php\/2018\/11\/19\/znamy-finalowa-10-uczestnikow-xiv-edycji-olimpiady\/","title":{"rendered":"Znamy fina\u0142ow\u0105 10 uczestnik\u00f3w XIV edycji Olimpiady"},"content":{"rendered":"<p>Do rozgrywek fina\u0142owych zakwalifikowali si\u0119:<\/p>\n<div class=\"\" data-block=\"true\" data-editor=\"d4ra4\" data-offset-key=\"384ac-0-0\">\n<ul>\n<li class=\"_1mf _1mj\" data-offset-key=\"384ac-0-0\"><span data-offset-key=\"384ac-1-0\"><strong>Krystian Wysocki<\/strong> &#8211; IV Liceum Og\u00f3lnokszta\u0142c\u0105ce im. Cypriana Kamila Norwida w Bia\u0142ymstoku; <\/span><\/li>\n<li data-offset-key=\"384ac-0-0\"><span data-offset-key=\"8sqt3-1-0\"><strong>Jagoda Pluci\u0144ska<\/strong> &#8211; Liceum Og\u00f3lnokszta\u0142c\u0105ce Nr XIV im. Polonii Belgijskiej w Zespole Szk\u00f3\u0142 Nr 14 we Wroc\u0142awiu;<\/span><\/li>\n<li class=\"_1mf _1mj\" data-offset-key=\"384ac-0-0\"><strong>Marcin Kuna<\/strong> &#8211; Liceum Og\u00f3lnokszta\u0142c\u0105ce nr VII im. K.K. Baczy\u0144skiego we Wroc\u0142awiu;<\/li>\n<li class=\"_1mf _1mj\" data-offset-key=\"384ac-0-0\"><strong>Mateusz Marzec<\/strong> &#8211; I Liceum Og\u00f3lnokszta\u0142c\u0105ce im. Tadeusza Ko\u015bciuszki w Wieluniu;<\/li>\n<li class=\"_1mf _1mj\" data-offset-key=\"384ac-0-0\"><strong>Mateusz Tyszka<\/strong> &#8211; I Liceum Og\u00f3lnokszta\u0142c\u0105ce im. T. Ko\u015bciuszki w \u0141om\u017cy;<\/li>\n<li class=\"_1mf _1mj\" data-offset-key=\"384ac-0-0\"><strong>Oliver Zaniewski<\/strong> &#8211; LXIV Liceum Og\u00f3lnokszta\u0142c\u0105ce im. S. I. Witkiewicza &#8222;Witkacego&#8221; w Warszawie;<\/li>\n<li class=\"_1mf _1mj\" data-offset-key=\"384ac-0-0\"><strong>Jakub Al-Darawsheh<\/strong> &#8211; IX Liceum Og\u00f3lnokszta\u0142c\u0105ce im. Klementyny Hoffmanowej w Warszawie;<\/li>\n<li class=\"_1mf _1mj\" data-offset-key=\"384ac-0-0\"><strong>Wiktor Marcinkowski<\/strong> &#8211; II LO im. Heleny Modrzejewskiej i Genera\u0142owej Zamoyskiej w Poznaniu;<\/li>\n<li class=\"_1mf _1mj\" data-offset-key=\"384ac-0-0\"><strong>Zuzanna Wojtkowska<\/strong> &#8211; II LO im. Heleny Modrzejewskiej i Genera\u0142owej Zamoyskiej w Poznaniu;<\/li>\n<li class=\"_1mf _1mj\" data-offset-key=\"384ac-0-0\"><strong>Grzegorz Paciecha<\/strong> &#8211; ZSO z Oddzia\u0142ami Dwuj\u0119zycznymi im. S. \u017beromskiego w Bielsku Bia\u0142ej.<\/li>\n<\/ul>\n<p>Finalist\u00f3w prosimy o indywidualny kontakt z organizatorem w celu om\u00f3wienia kwestii technicznych przyjazdu do S\u0142upska: <strong><span style=\"color: #000080;\"><a style=\"color: #000080;\" href=\"mailto:kontakt@gwieznykrag.pl\">kontakt@gwieznykrag.pl<\/a><\/span><\/strong><\/p>\n<\/div>\n<p>Wszystkim Uczestnikom serdecznie gratulujemy!!!<\/p>\n<p>Pe\u0142na lista wynik\u00f3w:<\/p>\n<p><strong><span style=\"color: #000080;\"><a style=\"color: #000080;\" href=\"http:\/\/gwiezdnykrag.pl\/wp-content\/uploads\/2018\/11\/Wyniki-II-etapu-Olimpiady.pdf\">Wyniki II etapu Olimpiady<\/a><\/span><\/strong><\/p>\n","protected":false},"excerpt":{"rendered":"<p>Do rozgrywek fina\u0142owych zakwalifikowali si\u0119: Krystian Wysocki &#8211; IV Liceum Og\u00f3lnokszta\u0142c\u0105ce im. Cypriana Kamila Norwida w Bia\u0142ymstoku; Jagoda Pluci\u0144ska &#8211; Liceum Og\u00f3lnokszta\u0142c\u0105ce Nr XIV im. Polonii Belgijskiej w Zespole Szk\u00f3\u0142 Nr 14 we Wroc\u0142awiu; Marcin Kuna &#8211; Liceum Og\u00f3lnokszta\u0142c\u0105ce nr VII im. K.K. Baczy\u0144skiego we Wroc\u0142awiu; Mateusz Marzec &#8211; I Liceum Og\u00f3lnokszta\u0142c\u0105ce im. Tadeusza Ko\u015bciuszki [&hellip;]<\/p>\n","protected":false},"author":1,"featured_media":12,"comment_status":"closed","ping_status":"closed","sticky":false,"template":"","format":"standard","meta":{"footnotes":""},"categories":[1],"tags":[],"class_list":["post-309","post","type-post","status-publish","format-standard","has-post-thumbnail","hentry","category-aktualnosci"],"_links":{"self":[{"href":"https:\/\/gwiezdnykrag.pl\/index.php\/wp-json\/wp\/v2\/posts\/309","targetHints":{"allow":["GET"]}}],"collection":[{"href":"https:\/\/gwiezdnykrag.pl\/index.php\/wp-json\/wp\/v2\/posts"}],"about":[{"href":"https:\/\/gwiezdnykrag.pl\/index.php\/wp-json\/wp\/v2\/types\/post"}],"author":[{"embeddable":true,"href":"https:\/\/gwiezdnykrag.pl\/index.php\/wp-json\/wp\/v2\/users\/1"}],"replies":[{"embeddable":true,"href":"https:\/\/gwiezdnykrag.pl\/index.php\/wp-json\/wp\/v2\/comments?post=309"}],"version-history":[{"count":4,"href":"https:\/\/gwiezdnykrag.pl\/index.php\/wp-json\/wp\/v2\/posts\/309\/revisions"}],"predecessor-version":[{"id":314,"href":"https:\/\/gwiezdnykrag.pl\/index.php\/wp-json\/wp\/v2\/posts\/309\/revisions\/314"}],"wp:featuredmedia":[{"embeddable":true,"href":"https:\/\/gwiezdnykrag.pl\/index.php\/wp-json\/"}],"wp:attachment":[{"href":"https:\/\/gwiezdnykrag.pl\/index.php\/wp-json\/wp\/v2\/media?parent=309"}],"wp:term":[{"taxonomy":"category","embeddable":true,"href":"https:\/\/gwiezdnykrag.pl\/index.php\/wp-json\/wp\/v2\/categories?post=309"},{"taxonomy":"post_tag","embeddable":true,"href":"https:\/\/gwiezdnykrag.pl\/index.php\/wp-json\/wp\/v2\/tags?post=309"}],"curies":[{"name":"wp","href":"https:\/\/api.w.org\/{rel}","templated":true}]}}