{"id":272,"date":"2018-09-20T17:03:47","date_gmt":"2018-09-20T15:03:47","guid":{"rendered":"http:\/\/gwiezdnykrag.pl\/?p=272"},"modified":"2018-09-25T09:53:39","modified_gmt":"2018-09-25T07:53:39","slug":"gwiezdny-krag-startuje-po-raz-14","status":"publish","type":"post","link":"https:\/\/gwiezdnykrag.pl\/index.php\/2018\/09\/20\/gwiezdny-krag-startuje-po-raz-14\/","title":{"rendered":"Gwiezdny Kr\u0105g startuje po raz 14."},"content":{"rendered":"<p><span style=\"color: #000000;\">Przedstawicielstwo Komisji Europejskiej w Polsce, Biuro Parlamentu Europejskiego w Polsce, Sie\u0107 Informacji Europejskiej Europe Direct w Polsce oraz Stowarzyszenie &#8222;Pomorskie w Unii Europejskiej&#8221; zapraszaj\u0105 uczni\u00f3w szk\u00f3\u0142 ponadpodstawowych do udzia\u0142u w XIV edycji Og\u00f3lnopolskiej Olimpiady Wiedzy o Unii Europejskiej \u201eGWIEZDNY KR\u0104G\u201d. Tegoroczna Olimpiada odbywa si\u0119 pod has\u0142em <em>\u201eUnia Europejska po wyborach do Parlamentu Europejskiego w 2019 roku\u201d<\/em>.<\/span><\/p>\n<p><span style=\"color: #000000;\">Olimpiada skierowana jest do wszystkich uczni\u00f3w szk\u00f3\u0142 ponadpodstawowych w ca\u0142ym kraju, a jej celem jest popularyzacja wiedzy o systemie instytucjonalnym Unii Europejskiej, jej warto\u015bciach, a tak\u017ce historii integracji europejskiej.<\/span><\/p>\n<p><iframe loading=\"lazy\" src=\"https:\/\/www.youtube.com\/embed\/4c0aoiYs_IA\" width=\"965\" height=\"543\" frameborder=\"0\" allowfullscreen=\"allowfullscreen\"><\/iframe><br \/>\n<span style=\"color: #000000;\">Nagrod\u0105 g\u0142\u00f3wn\u0105 w tegorocznej edycji Olimpiady jest <strong>p\u0142atny sta\u017c w Parlamencie Europejskim <\/strong>w Brukseli na zaproszenie Janusza Lewandowskiego \u2013 Pos\u0142a do Parlamentu Europejskiego.\u00a0Dzi\u0119ki przeprowadzonym negocjacjom z Pos\u0142ami do Parlamentu Europejskiego <strong>ca\u0142a fina\u0142owa 10 na zaproszenie patron\u00f3w honorowych odb\u0119dzie\u00a0 wizyt\u0119 studyjn\u0105 w Brukseli<\/strong>, by \u201eod kuchni\u201d zobaczy\u0107, jak funkcjonuj\u0105 instytucje Unii Europejskiej. Natomiast najlepszy uczestnik z wojew\u00f3dztwa pomorskiego otrzyma nagrod\u0119 pieni\u0119\u017cn\u0105 w wysoko\u015bci 2 tysi\u0119cy z\u0142otych ufundowan\u0105 przez Mieczys\u0142awa Struka &#8211; Marsza\u0142ka Wojew\u00f3dztwa Pomorskiego.\u00a0<\/span><\/p>\n<p><span style=\"color: #000000;\">By m\u00f3c wzi\u0105\u0107 udzia\u0142 w tegorocznej Olimpiadzie, zainteresowane szko\u0142y proszone s\u0105 o wys\u0142anie formularza zg\u0142oszeniowego na adres: <strong><span style=\"color: #0000ff;\"><a style=\"color: #0000ff;\" href=\"mailto:kontakt@gwiezdnykrag.pl\">kontakt@gwiezdnykrag.pl<\/a><\/span><\/strong> najp\u00f3\u017aniej <strong>do 20 pa\u017adziernika 2018 roku do godz. 16.00!! <\/strong><\/span><\/p>\n<p><span style=\"color: #000000;\">Harmonogram Olimpiady:<\/span><\/p>\n<ul>\n<li><span style=\"color: #000000;\">do 20 pa\u017adziernika 2018 roku \u2013 przyjmowanie zg\u0142osze\u0144 od szk\u00f3\u0142 na adres <span style=\"color: #0000ff;\"><strong><a style=\"color: #0000ff;\" href=\"mailto:kontakt@gwiezdnyslupsk.pl\">kontakt@gwiezdnykragpl<\/a><\/strong><\/span><\/span><\/li>\n<li><span style=\"color: #000000;\">30 pa\u017adziernika 2018 roku, godz. 10.00 \u2013 I etap Olimpiady<\/span><\/li>\n<li><span style=\"color: #000000;\">5 listopada 2018 roku \u2013 publikacja wynik\u00f3w I etapu Olimpiady<\/span><\/li>\n<li><span style=\"color: #000000;\">12 listopada 2018 roku \u2013 publikacja centr\u00f3w egzaminacyjnych<\/span><\/li>\n<li><span style=\"color: #000000;\">15 listopada 2018 roku, godz. 12.00 \u2013 II etap Olimpiady<\/span><\/li>\n<li><span style=\"color: #000000;\">20 listopada 2018 roku \u2013 wyniki II etapu Olimpiady<\/span><\/li>\n<li><span style=\"color: #000000;\">6 grudnia 2018 roku \u2013 fina\u0142 Olimpiady<\/span><\/li>\n<li><span style=\"color: #000000;\">7 grudnia 2018 roku, godz. 11.00 \u2013 Gala Og\u0142oszenia Wynik\u00f3w Olimpiady<\/span><\/li>\n<\/ul>\n<p>&nbsp;<\/p>\n<p><span style=\"text-decoration: underline;\"><span style=\"color: #000000; text-decoration: underline;\">Patronat Honorowy nad Olimpiad\u0105 obj\u0119li Pos\u0142owie do Parlamentu Europejskiego:<\/span><\/span><\/p>\n<ul>\n<li><span style=\"color: #000000;\">Jerzy Buzek<\/span><\/li>\n<li><span style=\"color: #000000;\">Ryszard Czarnecki<\/span><\/li>\n<li><span style=\"color: #000000;\">Krzysztof Hetman<\/span><\/li>\n<li><span style=\"color: #000000;\">Danuta Jaz\u0142owiecka<\/span><\/li>\n<li><span style=\"color: #000000;\">Jaros\u0142aw Kalinowski<\/span><\/li>\n<li><span style=\"color: #000000;\">Ryszard Legutko<\/span><\/li>\n<li><span style=\"color: #000000;\">Janusz Lewandowski<\/span><\/li>\n<li><span style=\"color: #000000;\">Krystyna \u0141ybacka<\/span><\/li>\n<li><span style=\"color: #000000;\">R\u00f3\u017ca Thun<\/span><\/li>\n<\/ul>\n<p>&nbsp;<\/p>\n<p><span style=\"color: #000000;\">Komitet Organizacyjny ma siedzib\u0119 w Punkcie Informacji Europejskiej Europe Direct \u2013 S\u0142upsk, ul. Partyzant\u00f3w 31A, 76 \u2013 200 S\u0142upsk, tel. 794 725\u00a0448, mail. <span style=\"color: #0000ff;\"><strong><a style=\"color: #0000ff;\" href=\"mailto:kontakt@gwiezdnykrag.pl\">kontakt@gwiezdnykrag.pl<\/a><\/strong><\/span><\/span><\/p>\n<p><span style=\"color: #000000;\">Wi\u0119cej informacji o Olimpiadzie na stronie:<span style=\"color: #0000ff;\"><strong> <a style=\"color: #0000ff;\" href=\"http:\/\/gwiezdnykrag.pl\/\">http:\/\/gwiezdnykrag.pl\/<\/a><\/strong><\/span> lub<span style=\"color: #0000ff;\"><strong> <a style=\"color: #0000ff;\" href=\"https:\/\/www.facebook.com\/gwiezdnykrag\/\">https:\/\/www.facebook.com\/gwiezdnykrag\/<\/a><\/strong><\/span><\/span><\/p>\n<p>&nbsp;<\/p>\n<p><span style=\"color: #000000;\"><strong>Dokumenty:<\/strong><\/span><\/p>\n<p><strong><span style=\"color: #0000ff;\"><a style=\"color: #0000ff;\" href=\"http:\/\/gwiezdnykrag.pl\/wp-content\/uploads\/2018\/09\/Regulamin-Gwiezdny-Krag.pdf\">Regulamin XIV Og\u00f3lnopolskiej Olimpiady Wiedzy o Unii Europejskiej &#8222;Gwiezdny Kr\u0105g&#8221;<\/a> <\/span><\/strong><\/p>\n<p><strong><span style=\"color: #0000ff;\"><a style=\"color: #0000ff;\" href=\"http:\/\/gwiezdnykrag.pl\/wp-content\/uploads\/2018\/09\/Za\u0142\u0105cznik-1-formularz-zg\u0142oszeniowy.pdf\">Za\u0142\u0105cznik 1 &#8211; formularz zg\u0142oszeniowy (wersja edytowalna)<\/a> <\/span><\/strong><\/p>\n<p><strong><span style=\"color: #0000ff;\"><a style=\"color: #0000ff;\" href=\"http:\/\/gwiezdnykrag.pl\/wp-content\/uploads\/2018\/09\/Za\u0142\u0105cznik-1-formularz-zg\u0142oszeniowy.odt\">Za\u0142\u0105cznik 1 &#8211; formularz zg\u0142oszeniowy<\/a><\/span><\/strong><\/p>\n<p><strong><span style=\"color: #0000ff;\"><a style=\"color: #0000ff;\" href=\"http:\/\/gwiezdnykrag.pl\/wp-content\/uploads\/2018\/09\/Za\u0142\u0105cznik-2-zagadnienia.pdf\">Za\u0142\u0105cznik 2 &#8211; zagadnienia<\/a> <\/span><\/strong><\/p>\n<p><strong><span style=\"color: #0000ff;\"><a style=\"color: #0000ff;\" href=\"http:\/\/gwiezdnykrag.pl\/wp-content\/uploads\/2018\/09\/Harmnogram-1.pdf\">Harmnogram<\/a><\/span><\/strong><\/p>\n<p>&nbsp;<\/p>\n<p><span style=\"color: #000000;\">Laureaci XIII edycji Og\u00f3lnopolskiej Olimpiady Wiedzy o Unii Europejskiej &#8222;GWIEZDNY KRAG&#8221;:\u00a0<\/span><\/p>\n<p><img loading=\"lazy\" decoding=\"async\" class=\"alignnone size-large wp-image-251\" src=\"http:\/\/gwiezdnykrag.pl\/wp-content\/uploads\/2018\/03\/1-1024x681.jpg\" alt=\"\" width=\"1024\" height=\"681\" srcset=\"https:\/\/gwiezdnykrag.pl\/wp-content\/uploads\/2018\/03\/1-1024x681.jpg 1024w, https:\/\/gwiezdnykrag.pl\/wp-content\/uploads\/2018\/03\/1-300x200.jpg 300w, https:\/\/gwiezdnykrag.pl\/wp-content\/uploads\/2018\/03\/1-768x511.jpg 768w, https:\/\/gwiezdnykrag.pl\/wp-content\/uploads\/2018\/03\/1-410x273.jpg 410w, https:\/\/gwiezdnykrag.pl\/wp-content\/uploads\/2018\/03\/1-100x67.jpg 100w, https:\/\/gwiezdnykrag.pl\/wp-content\/uploads\/2018\/03\/1-275x183.jpg 275w, https:\/\/gwiezdnykrag.pl\/wp-content\/uploads\/2018\/03\/1.jpg 1862w\" sizes=\"auto, (max-width: 1024px) 100vw, 1024px\" \/><\/p>\n","protected":false},"excerpt":{"rendered":"<p>Przedstawicielstwo Komisji Europejskiej w Polsce, Biuro Parlamentu Europejskiego w Polsce, Sie\u0107 Informacji Europejskiej Europe Direct w Polsce oraz Stowarzyszenie &#8222;Pomorskie w Unii Europejskiej&#8221; zapraszaj\u0105 uczni\u00f3w szk\u00f3\u0142 ponadpodstawowych do udzia\u0142u w XIV edycji Og\u00f3lnopolskiej Olimpiady Wiedzy o Unii Europejskiej \u201eGWIEZDNY KR\u0104G\u201d. Tegoroczna Olimpiada odbywa si\u0119 pod has\u0142em \u201eUnia Europejska po wyborach do Parlamentu Europejskiego w 2019 [&hellip;]<\/p>\n","protected":false},"author":1,"featured_media":273,"comment_status":"closed","ping_status":"closed","sticky":false,"template":"","format":"standard","meta":{"footnotes":""},"categories":[1],"tags":[],"class_list":["post-272","post","type-post","status-publish","format-standard","has-post-thumbnail","hentry","category-aktualnosci"],"_links":{"self":[{"href":"https:\/\/gwiezdnykrag.pl\/index.php\/wp-json\/wp\/v2\/posts\/272","targetHints":{"allow":["GET"]}}],"collection":[{"href":"https:\/\/gwiezdnykrag.pl\/index.php\/wp-json\/wp\/v2\/posts"}],"about":[{"href":"https:\/\/gwiezdnykrag.pl\/index.php\/wp-json\/wp\/v2\/types\/post"}],"author":[{"embeddable":true,"href":"https:\/\/gwiezdnykrag.pl\/index.php\/wp-json\/wp\/v2\/users\/1"}],"replies":[{"embeddable":true,"href":"https:\/\/gwiezdnykrag.pl\/index.php\/wp-json\/wp\/v2\/comments?post=272"}],"version-history":[{"count":8,"href":"https:\/\/gwiezdnykrag.pl\/index.php\/wp-json\/wp\/v2\/posts\/272\/revisions"}],"predecessor-version":[{"id":289,"href":"https:\/\/gwiezdnykrag.pl\/index.php\/wp-json\/wp\/v2\/posts\/272\/revisions\/289"}],"wp:featuredmedia":[{"embeddable":true,"href":"https:\/\/gwiezdnykrag.pl\/index.php\/wp-json\/wp\/v2\/media\/273"}],"wp:attachment":[{"href":"https:\/\/gwiezdnykrag.pl\/index.php\/wp-json\/wp\/v2\/media?parent=272"}],"wp:term":[{"taxonomy":"category","embeddable":true,"href":"https:\/\/gwiezdnykrag.pl\/index.php\/wp-json\/wp\/v2\/categories?post=272"},{"taxonomy":"post_tag","embeddable":true,"href":"https:\/\/gwiezdnykrag.pl\/index.php\/wp-json\/wp\/v2\/tags?post=272"}],"curies":[{"name":"wp","href":"https:\/\/api.w.org\/{rel}","templated":true}]}}