{"id":239,"date":"2017-12-19T16:02:52","date_gmt":"2017-12-19T15:02:52","guid":{"rendered":"http:\/\/gwiezdnykrag.pl\/?p=239"},"modified":"2017-12-19T16:02:52","modified_gmt":"2017-12-19T15:02:52","slug":"znamy-finalowa-10-xiii-edycji-ogolnopolskiej-olimpiady-wiedzy-o-unii-europejskiej-gwiezdny-krag","status":"publish","type":"post","link":"https:\/\/gwiezdnykrag.pl\/index.php\/2017\/12\/19\/znamy-finalowa-10-xiii-edycji-ogolnopolskiej-olimpiady-wiedzy-o-unii-europejskiej-gwiezdny-krag\/","title":{"rendered":"Znamy fina\u0142ow\u0105 10 XIII edycji Og\u00f3lnopolskiej Olimpiady Wiedzy o Unii Europejskiej &#8222;Gwiezdny Kr\u0105g&#8221;"},"content":{"rendered":"<p>Komitet organizacyjny informuj\u0119, \u017ce na podstawie przeprowadzonego 12 grudnia 2017 roku II etapu Og\u00f3lnopolskiej Olimpiady Wiedzy o Unii Europejskiej &#8222;Gwiezdny Kr\u0105g&#8221;, do fina\u0142u zakwalifikowa\u0142o si\u0119 10 uczestnik\u00f3w, kt\u00f3rzy zdobyli najwi\u0119ksz\u0105 liczb\u0119 punkt\u00f3w:<\/p>\n<ol>\n<li><strong>Kamila Skrzypa<\/strong>\u00a0&#8211; Zesp\u00f3\u0142 Szk\u00f3\u0142 w G\u00f3rowie I\u0142aweckim<\/li>\n<li><strong>Wiktor Marcinkowski<\/strong>\u00a0&#8211; Zesp\u00f3\u0142 Szk\u00f3\u0142 nr 12 II Liceum Og\u00f3lnokszta\u0142c\u0105ce im. Genera\u0142owej Zamoyskiej i Heleny Modrzejewskiej w Poznaniu<\/li>\n<li><strong>Krzysztof Jajor<\/strong>\u00a0&#8211; Zesp\u00f3\u0142 Szk\u00f3\u0142 nr 12 II Liceum Og\u00f3lnokszta\u0142c\u0105ce im. Genera\u0142owej Zamoyskiej i Heleny Modrzejewskiej w Poznaniu<\/li>\n<li><strong>Pawe\u0142 B\u0105cal<\/strong>\u00a0&#8211; III Liceum Og\u00f3lnokszta\u0142c\u0105ce im. Unii Lubelskiej w Lublinie<\/li>\n<li><strong>Remigiusz Sepia\u0142<\/strong>\u00a0&#8211; V Liceum Og\u00f3lnokszta\u0142c\u0105ce im. A. Witkowskiego w Krakowie<\/li>\n<li><strong>Marek\u00a0Kaczmarczyk<\/strong>\u00a0&#8211; XXI Liceum Og\u00f3lnokszta\u0142c\u0105ce im. Boles\u0142awa Prusa w \u0141odzi<\/li>\n<li><strong>Adrian Wagstyl<\/strong>\u00a0&#8211; I Liceum Og\u00f3lnokszta\u0142c\u0105ce im. Leona Kruczkowskiego w Tychach<\/li>\n<li><strong>Grzegorz Paciecha<\/strong>\u00a0&#8211; III Liceum Og\u00f3lnokszta\u0142c\u0105ce z Oddzia\u0142ami Dwuj\u0119zycznymi im. Stefana \u017beromskiego w Bielsku-Bia\u0142ej<\/li>\n<li><strong>Jan Pabisiak<\/strong>\u00a0&#8211; Liceum Og\u00f3lnokszta\u0142c\u0105ce nr XII im. Boles\u0142awa Chrobrego we Wroc\u0142awiu<\/li>\n<li><strong>Zuzanna Romanowska<\/strong>\u00a0&#8211; Zesp\u00f3\u0142 Szk\u00f3\u0142 nr 12 II Liceum Og\u00f3lnokszta\u0142c\u0105ce im. Genera\u0142owej Zamoyskiej i Heleny Modrzejewskiej w Poznaniu.<\/li>\n<\/ol>\n<p>W za\u0142\u0105czeniu publikujemy pe\u0142n\u0105 list\u0119 uczestnik\u00f3w II etapu Olimpiady i uzyskanych przez nich wynik\u00f3w. Opiekun\u00f3w uczestnik\u00f3w prosimy o potwierdzenie udzia\u0142u uczni\u00f3w w rozgrywkach fina\u0142owych drog\u0105 mailow\u0105 na adres Olimpiady.<\/p>\n<p><a href=\"http:\/\/gwiezdnykrag.pl\/wp-content\/uploads\/2017\/12\/wyniki-II-etap.pdf\">Wyniki II etapu XIII Og\u00f3lnopolskiej Olimpiady Wiedzy o Unii Europejskiej &#8222;Gwiezdny Kr\u0105g&#8221;<\/a><\/p>\n","protected":false},"excerpt":{"rendered":"<p>Komitet organizacyjny informuj\u0119, \u017ce na podstawie przeprowadzonego 12 grudnia 2017 roku II etapu Og\u00f3lnopolskiej Olimpiady Wiedzy o Unii Europejskiej &#8222;Gwiezdny Kr\u0105g&#8221;, do fina\u0142u zakwalifikowa\u0142o si\u0119 10 uczestnik\u00f3w, kt\u00f3rzy zdobyli najwi\u0119ksz\u0105 liczb\u0119 punkt\u00f3w: Kamila Skrzypa\u00a0&#8211; Zesp\u00f3\u0142 Szk\u00f3\u0142 w G\u00f3rowie I\u0142aweckim Wiktor Marcinkowski\u00a0&#8211; Zesp\u00f3\u0142 Szk\u00f3\u0142 nr 12 II Liceum Og\u00f3lnokszta\u0142c\u0105ce im. Genera\u0142owej Zamoyskiej i Heleny Modrzejewskiej w [&hellip;]<\/p>\n","protected":false},"author":1,"featured_media":5,"comment_status":"closed","ping_status":"closed","sticky":false,"template":"","format":"standard","meta":{"footnotes":""},"categories":[1],"tags":[],"class_list":["post-239","post","type-post","status-publish","format-standard","has-post-thumbnail","hentry","category-aktualnosci"],"_links":{"self":[{"href":"https:\/\/gwiezdnykrag.pl\/index.php\/wp-json\/wp\/v2\/posts\/239","targetHints":{"allow":["GET"]}}],"collection":[{"href":"https:\/\/gwiezdnykrag.pl\/index.php\/wp-json\/wp\/v2\/posts"}],"about":[{"href":"https:\/\/gwiezdnykrag.pl\/index.php\/wp-json\/wp\/v2\/types\/post"}],"author":[{"embeddable":true,"href":"https:\/\/gwiezdnykrag.pl\/index.php\/wp-json\/wp\/v2\/users\/1"}],"replies":[{"embeddable":true,"href":"https:\/\/gwiezdnykrag.pl\/index.php\/wp-json\/wp\/v2\/comments?post=239"}],"version-history":[{"count":1,"href":"https:\/\/gwiezdnykrag.pl\/index.php\/wp-json\/wp\/v2\/posts\/239\/revisions"}],"predecessor-version":[{"id":241,"href":"https:\/\/gwiezdnykrag.pl\/index.php\/wp-json\/wp\/v2\/posts\/239\/revisions\/241"}],"wp:featuredmedia":[{"embeddable":true,"href":"https:\/\/gwiezdnykrag.pl\/index.php\/wp-json\/"}],"wp:attachment":[{"href":"https:\/\/gwiezdnykrag.pl\/index.php\/wp-json\/wp\/v2\/media?parent=239"}],"wp:term":[{"taxonomy":"category","embeddable":true,"href":"https:\/\/gwiezdnykrag.pl\/index.php\/wp-json\/wp\/v2\/categories?post=239"},{"taxonomy":"post_tag","embeddable":true,"href":"https:\/\/gwiezdnykrag.pl\/index.php\/wp-json\/wp\/v2\/tags?post=239"}],"curies":[{"name":"wp","href":"https:\/\/api.w.org\/{rel}","templated":true}]}}