{"id":1377,"date":"2025-06-13T13:03:41","date_gmt":"2025-06-13T11:03:41","guid":{"rendered":"https:\/\/gwiezdnykrag.pl\/?p=1377"},"modified":"2025-06-13T13:03:41","modified_gmt":"2025-06-13T11:03:41","slug":"znamy-zwyciezce-jubileuszowej-edycji-olimpiady","status":"publish","type":"post","link":"https:\/\/gwiezdnykrag.pl\/index.php\/2025\/06\/13\/znamy-zwyciezce-jubileuszowej-edycji-olimpiady\/","title":{"rendered":"Znamy zwyci\u0119zc\u0119 Jubileuszowej edycji Olimpiady"},"content":{"rendered":"\n<hr class=\"wp-block-separator has-alpha-channel-opacity\"\/>\n\n\n\n<hr class=\"wp-block-separator has-alpha-channel-opacity\"\/>\n\n\n\n<hr class=\"wp-block-separator has-alpha-channel-opacity\"\/>\n\n\n\n<p>I miejsce w XX Jubileuszowej edycji Og\u00f3lnopolskiej Olimpiady Wiedzy o Unii Europejskiej &#8222;Gwiezdny Kr\u0105g&#8221; zosta\u0142 <strong>Bartosz S\u0142y\u015b<\/strong>, ucze\u0144 I Liceum Og\u00f3lnokszta\u0142c\u0105cego z Oddzia\u0142ami Dwuj\u0119zycznymi im. Miko\u0142aja Kopernika w Kro\u015bnie. Warto podkre\u015bli\u0107, \u017ce Bartosz wygra\u0142 tak\u017ce XIX edycj\u0119. <\/p>\n\n\n\n<p>II miejsce zaj\u0119\u0142a <strong>Oliwia Rozkosz<\/strong> &#8211; uczennica XIV Liceum Og\u00f3lnokszta\u0142c\u0105cego im. S. Staszica w Warszawie, a III miejsce zaj\u0105\u0142 <strong>Krzysztof Paluch<\/strong> &#8211; ucze\u0144 VIII Liceum Og\u00f3lnokszta\u0142c\u0105cego im. W\u0142adys\u0142awa IV w Warszawie. <\/p>\n\n\n\n<p>Jury w zwi\u0105zku z bardzo wysokim poziomem merytorycznym odst\u0105pi\u0142o od dalszej klasyfikacji uczestnik\u00f3w i uczestniczek i wszystkim pozosta\u0142ym przyzna\u0142o ex aequo to samo miejsce z tytu\u0142em wyr\u00f3\u017cnienia. <\/p>\n\n\n\n<figure class=\"wp-block-image size-large\"><img loading=\"lazy\" decoding=\"async\" width=\"1024\" height=\"768\" src=\"https:\/\/gwiezdnykrag.pl\/wp-content\/uploads\/2025\/06\/IMG_4450-1024x768.jpg\" alt=\"\" class=\"wp-image-1379\" srcset=\"https:\/\/gwiezdnykrag.pl\/wp-content\/uploads\/2025\/06\/IMG_4450-1024x768.jpg 1024w, https:\/\/gwiezdnykrag.pl\/wp-content\/uploads\/2025\/06\/IMG_4450-300x225.jpg 300w, https:\/\/gwiezdnykrag.pl\/wp-content\/uploads\/2025\/06\/IMG_4450-768x576.jpg 768w, https:\/\/gwiezdnykrag.pl\/wp-content\/uploads\/2025\/06\/IMG_4450-1536x1152.jpg 1536w, https:\/\/gwiezdnykrag.pl\/wp-content\/uploads\/2025\/06\/IMG_4450.jpg 2048w\" sizes=\"auto, (max-width: 1024px) 100vw, 1024px\" \/><\/figure>\n\n\n\n<p>XX Jubileuszow\u0105 Gal\u0119 Og\u0142oszenia Wynik\u00f3w Olimpiady otworzy\u0142a <strong>Katarzyna Smyk<\/strong> &#8211; Dyrektorka Przedstawicielstwa Komisji Europejskiej w Polsce. Pani Dyrektor zwr\u00f3ci\u0142a uwag\u0119, \u017ce w 20 letniej historii Olimpiady, wzi\u0119\u0142o w niej udzia\u0142 ponad 85 tys. uczni\u00f3w ze szk\u00f3\u0142 ponadpodstawowych w ca\u0142ej Polsce. Og\u00f3lnopolska Olimpiada Wiedzy o Unii Europejskiej &#8222;Gwiezdny Kr\u0105g&#8221; na trwa\u0142e wpisa\u0142a si\u0119 w kalendarz wydarze\u0144 wsp\u00f3\u0142organizowanych przez Komisj\u0119 Europejsk\u0105 Przedstawicielstwo w Polsce. <\/p>\n\n\n\n<p>Mimo nieobecno\u015bci, Janusz Lewandowski &#8211; Pose\u0142 do Parlamentu Europejskiego, kt\u00f3ry od 20 lat aktywnie wspiera Olimpiad\u0119 przes\u0142a\u0142 film skierowany do laureat\u00f3w i laureatek Olimpiady: <\/p>\n\n\n\n<figure class=\"wp-block-video\"><video height=\"848\" style=\"aspect-ratio: 480 \/ 848;\" width=\"480\" controls src=\"https:\/\/gwiezdnykrag.pl\/wp-content\/uploads\/2025\/06\/VID-20250611-WA0000.mp4\"><\/video><\/figure>\n\n\n\n<p>XX edycja Og\u00f3lnopolskiej Olimpiady Wiedzy o Unii Europejskiej &#8222;Gwiezdny Kr\u0105g&#8221;\u00a0zosta\u0142a zorganizowana wsp\u00f3lnie przez Komisj\u0119 Europejsk\u0105 Przedstawicielstwo w Polsce, Biuro Parlamentu Europejskiego w Polsce oraz Stowarzyszenie \u201eS\u0142upski Instytut ds. M\u0142odzie\u017cy&#8221; przy wsp\u00f3\u0142pracy z ekspertami Team Europe Direct, Punktami Europe Direct oraz Stowarzyszeniem \u201ePomorskie w Unii Europejskiej\u201d. <\/p>\n\n\n\n<p>W tegorocznej edycji Olimpiady wzi\u0119\u0142o udzia\u0142 ponad 6 tys. uczni\u00f3w reprezentuj\u0105cych ponad 400 szk\u00f3\u0142 z ca\u0142ego kraju. Tym samym jest to najwi\u0119kszy projekt edukacji europejskiej w Polsce i prawdopodobnie jeden z najwi\u0119kszych w ca\u0142ej Unii Europejskiej.\u00a0<\/p>\n\n\n\n<p>Olimpiada &#8222;Gwiezdny Kr\u0105g&#8221; nie jest typow\u0105 olimpiad\u0105 wiedzy. Wymaga od Uczestniczek i Uczestnik\u00f3w analitycznego my\u015blenia i krytycznego podej\u015bcia do aktualnych wydarze\u0144 i proces\u00f3w zachodz\u0105cych w pa\u0144stwach cz\u0142onkowskich i instytucjach Unii Europejskiej.<\/p>\n\n\n\n<p>Celem Olimpiady jest popularyzowanie wiedzy o Unii Europejskiej, w szczeg\u00f3lno\u015bci: jej systemu instytucjonalnego, procesu integracji europejskiej, unijnych polityk, prawa i europejskich warto\u015bci oraz og\u00f3lnej wiedzy o Europie i pa\u0144stwach cz\u0142onkowskich UE.<\/p>\n\n\n\n<p>W ci\u0105gu tych 20 lat wzi\u0119\u0142o w niej udzia\u0142&nbsp; blisko 85 tys. uczni\u00f3w z ca\u0142ego kraju, co sprawia, \u017ce ta olimpiada jest najwi\u0119kszym projektem edukacji europejskiej w Polsce, a mo\u017ce i nawet w Unii Europejskiej.<\/p>\n\n\n\n<p>Opiek\u0119 merytoryczn\u0105 nad tegoroczn\u0105 olimpiad\u0105 sprawowa\u0142a Rada programowa. <\/p>\n\n\n\n<figure class=\"wp-block-image size-large\"><img loading=\"lazy\" decoding=\"async\" width=\"1024\" height=\"576\" src=\"https:\/\/gwiezdnykrag.pl\/wp-content\/uploads\/2025\/06\/IMG_4635-1-1024x576.jpg\" alt=\"\" class=\"wp-image-1382\" srcset=\"https:\/\/gwiezdnykrag.pl\/wp-content\/uploads\/2025\/06\/IMG_4635-1-1024x576.jpg 1024w, https:\/\/gwiezdnykrag.pl\/wp-content\/uploads\/2025\/06\/IMG_4635-1-300x169.jpg 300w, https:\/\/gwiezdnykrag.pl\/wp-content\/uploads\/2025\/06\/IMG_4635-1-768x432.jpg 768w, https:\/\/gwiezdnykrag.pl\/wp-content\/uploads\/2025\/06\/IMG_4635-1-1536x864.jpg 1536w, https:\/\/gwiezdnykrag.pl\/wp-content\/uploads\/2025\/06\/IMG_4635-1-2048x1152.jpg 2048w\" sizes=\"auto, (max-width: 1024px) 100vw, 1024px\" \/><\/figure>\n","protected":false},"excerpt":{"rendered":"<p>I miejsce w XX Jubileuszowej edycji Og\u00f3lnopolskiej Olimpiady Wiedzy o Unii Europejskiej &#8222;Gwiezdny Kr\u0105g&#8221; zosta\u0142 Bartosz S\u0142y\u015b, ucze\u0144 I Liceum Og\u00f3lnokszta\u0142c\u0105cego z Oddzia\u0142ami Dwuj\u0119zycznymi im. Miko\u0142aja Kopernika w Kro\u015bnie. Warto podkre\u015bli\u0107, \u017ce Bartosz wygra\u0142 tak\u017ce XIX edycj\u0119. II miejsce zaj\u0119\u0142a Oliwia Rozkosz &#8211; uczennica XIV Liceum Og\u00f3lnokszta\u0142c\u0105cego im. S. Staszica w Warszawie, a III miejsce [&hellip;]<\/p>\n","protected":false},"author":2,"featured_media":1380,"comment_status":"closed","ping_status":"closed","sticky":false,"template":"","format":"standard","meta":{"footnotes":""},"categories":[1],"tags":[],"class_list":["post-1377","post","type-post","status-publish","format-standard","has-post-thumbnail","hentry","category-aktualnosci"],"_links":{"self":[{"href":"https:\/\/gwiezdnykrag.pl\/index.php\/wp-json\/wp\/v2\/posts\/1377","targetHints":{"allow":["GET"]}}],"collection":[{"href":"https:\/\/gwiezdnykrag.pl\/index.php\/wp-json\/wp\/v2\/posts"}],"about":[{"href":"https:\/\/gwiezdnykrag.pl\/index.php\/wp-json\/wp\/v2\/types\/post"}],"author":[{"embeddable":true,"href":"https:\/\/gwiezdnykrag.pl\/index.php\/wp-json\/wp\/v2\/users\/2"}],"replies":[{"embeddable":true,"href":"https:\/\/gwiezdnykrag.pl\/index.php\/wp-json\/wp\/v2\/comments?post=1377"}],"version-history":[{"count":4,"href":"https:\/\/gwiezdnykrag.pl\/index.php\/wp-json\/wp\/v2\/posts\/1377\/revisions"}],"predecessor-version":[{"id":1386,"href":"https:\/\/gwiezdnykrag.pl\/index.php\/wp-json\/wp\/v2\/posts\/1377\/revisions\/1386"}],"wp:featuredmedia":[{"embeddable":true,"href":"https:\/\/gwiezdnykrag.pl\/index.php\/wp-json\/wp\/v2\/media\/1380"}],"wp:attachment":[{"href":"https:\/\/gwiezdnykrag.pl\/index.php\/wp-json\/wp\/v2\/media?parent=1377"}],"wp:term":[{"taxonomy":"category","embeddable":true,"href":"https:\/\/gwiezdnykrag.pl\/index.php\/wp-json\/wp\/v2\/categories?post=1377"},{"taxonomy":"post_tag","embeddable":true,"href":"https:\/\/gwiezdnykrag.pl\/index.php\/wp-json\/wp\/v2\/tags?post=1377"}],"curies":[{"name":"wp","href":"https:\/\/api.w.org\/{rel}","templated":true}]}}