{"id":1374,"date":"2025-06-10T18:27:34","date_gmt":"2025-06-10T16:27:34","guid":{"rendered":"https:\/\/gwiezdnykrag.pl\/?p=1374"},"modified":"2025-06-10T18:27:35","modified_gmt":"2025-06-10T16:27:35","slug":"final-i-gala-jubileuszowej-xx-edycji-olimpiady-gwiezdny-krag","status":"publish","type":"post","link":"https:\/\/gwiezdnykrag.pl\/index.php\/2025\/06\/10\/final-i-gala-jubileuszowej-xx-edycji-olimpiady-gwiezdny-krag\/","title":{"rendered":"Fina\u0142 i Gala Jubileuszowej XX edycji Olimpiady &#8222;Gwiezdny Kr\u0105g&#8221;"},"content":{"rendered":"\n<p><\/p>\n\n\n\n<p>Ju\u017c w najbli\u017cszy czwartek (12 czerwca) w s\u0142upskim ratuszu rozpoczn\u0105 si\u0119 rozgrywki fina\u0142owe, w kt\u00f3rych we\u017amie udzia\u0142 11 najlepszych Uczestniczek i Uczestnik\u00f3w w kraju: <\/p>\n\n\n\n<ul class=\"wp-block-list\">\n<li><strong>Biera Tomasz<\/strong>, XXVII Liceum Og\u00f3lnokszta\u0142c\u0105ce im. T. Czackiego w Warszawie;<\/li>\n\n\n\n<li><strong>Jurewicz Gabriel<\/strong>, II Liceum Og\u00f3lnokszta\u0142c\u0105ce im. Genera\u0142owej Zamoyskiej i Heleny Modrzejewskiej w Poznaniu;<\/li>\n\n\n\n<li><strong>Ka\u0142u\u017cy\u0144ska Marianna<\/strong>, Liceum Og\u00f3lnokszta\u0142c\u0105ce Niepubliczne Nr 40 Fundacji &#8222;Nauka i Wiedza&#8221; w Warszawie;<\/li>\n\n\n\n<li><strong>Marzec Andrzej<\/strong>, I Liceum Og\u00f3lnokszta\u0142c\u0105ce im. Juliusza S\u0142owackiego w Ole\u015bnicy;<\/li>\n\n\n\n<li><strong>Paluch Krzysztof<\/strong>, VIII Liceum Og\u00f3lnokszta\u0142c\u0105ce im. W\u0142adys\u0142awa IV w Warszawie;<\/li>\n\n\n\n<li><strong>Pilch Aleksandra<\/strong>, II Liceum Og\u00f3lnokszta\u0142c\u0105ce im. Or\u0142a Bia\u0142ego w Bochni;<\/li>\n\n\n\n<li><strong>Rozkosz Oliwia<\/strong>, XIV Liceum Og\u00f3lnokszta\u0142c\u0105ce im. S. Staszica w Warszawie;<\/li>\n\n\n\n<li><strong>S\u0142y\u015b Bartosz<\/strong>, I Liceum Og\u00f3lnokszta\u0142c\u0105ce z Oddzia\u0142ami Dwuj\u0119zycznymi im. Miko\u0142aja Kopernika w Kro\u015bnie;<\/li>\n\n\n\n<li><strong>Stelmach Magdalena<\/strong>, Liceum Og\u00f3lnokszta\u0142c\u0105ce im. Boles\u0142awa Prusa w Skierniewicach;<\/li>\n\n\n\n<li><strong>\u015awiderski Sebastian<\/strong>, XVIII Liceum Og\u00f3lnokszta\u0142c\u0105ce im. Jana Zamoyskiego w Warszawie<\/li>\n\n\n\n<li><strong>Wysocka Weronika<\/strong>, Zesp\u00f3\u0142 Szk\u00f3\u0142, Liceum Og\u00f3lnokszta\u0142c\u0105ce w Barcinie.<\/li>\n<\/ul>\n\n\n\n<p>Rozgrywki fina\u0142owe b\u0119dzie ocenia\u0107 jury w sk\u0142adzie: <\/p>\n\n\n\n<p><strong>dr hab. Anna Doliwa &#8211; Klepacka, prof. UwB<\/strong>: wyk\u0142adowczyni akademicka na Wydziale Prawa Uniwersytetu w Bia\u0142ymstoku, ekspertka Team Europe Direct. (Przewodnicz\u0105ca)<\/p>\n\n\n\n<p><strong>Krzysztof Nalepa:<\/strong> Komisja Europejska Przedstawicielstwo w Polsce (Zast\u0119pca Przewodnicz\u0105cej)<\/p>\n\n\n\n<p><strong>prof. Ewa Szostak:<\/strong> wyk\u0142adowczyni akademicka na Uniwersytecie Ekonomicznym we Wroc\u0142awiu, ekspertka Team Europe Direct<\/p>\n\n\n\n<p><strong>Paulina Aleksander:<\/strong> ekspertka ds. UE, Stowarzyszenie \u201ePomorskie w UE\u201d<\/p>\n\n\n\n<p><strong>dr Rafa\u0142 Kuligowski:<\/strong> ekspert Team Europe Direct (sekretarz)<\/p>\n\n\n\n<p>Transmisj\u0119 na \u017cywo z przebiegu rozgrywek fina\u0142owych b\u0119dzie mo\u017cna obejrze\u0107 pod linkiem: <\/p>\n\n\n\n<figure class=\"wp-block-embed is-type-video is-provider-youtube wp-block-embed-youtube wp-embed-aspect-4-3 wp-has-aspect-ratio\"><div class=\"wp-block-embed__wrapper\">\n<iframe loading=\"lazy\" title=\"Zawody III stopnia, cz\u0119\u015b\u0107 II + debata. Og\u00f3lnopolska Olimpiada Wiedzy o UE &quot;Gwiezdny Kr\u0105g&quot;\" width=\"640\" height=\"480\" src=\"https:\/\/www.youtube.com\/embed\/4JxaeByAVNE?feature=oembed\" frameborder=\"0\" allow=\"accelerometer; autoplay; clipboard-write; encrypted-media; gyroscope; picture-in-picture; web-share\" referrerpolicy=\"strict-origin-when-cross-origin\" allowfullscreen><\/iframe>\n<\/div><\/figure>\n\n\n\n<p>Natomiast 13 czerwca w pi\u0105tek od godz. 10.00 rozpocznie si\u0119 Uroczysta Gala Og\u0142oszenia Wynik\u00f3w podsumowuj\u0105ca tegoroczn\u0105 Jubileuszow\u0105 edycj\u0119 Olimpiady. Podczas niej poznamy Zwyci\u0119\u017cczyni\u0119 lub Zwyci\u0119zc\u0119 tegorocznej edycji Olimpiady. To wydarzenie r\u00f3wnie\u017c b\u0119dziemy transmitowa\u0107 na \u017cywo. <\/p>\n\n\n\n<p>Transmisja dost\u0119pna jest pod linkiem: <\/p>\n\n\n\n<figure class=\"wp-block-embed is-type-video is-provider-youtube wp-block-embed-youtube wp-embed-aspect-4-3 wp-has-aspect-ratio\"><div class=\"wp-block-embed__wrapper\">\n<iframe loading=\"lazy\" title=\"Uroczysta Gala Og\u0142oszenia Wynik\u00f3w XX Og\u00f3lnopolskiej Olimpiady Wiedzy o UE Gwiezdny Kr\u0105g oraz Debata\" width=\"640\" height=\"480\" src=\"https:\/\/www.youtube.com\/embed\/hNmVQx5tF8c?feature=oembed\" frameborder=\"0\" allow=\"accelerometer; autoplay; clipboard-write; encrypted-media; gyroscope; picture-in-picture; web-share\" referrerpolicy=\"strict-origin-when-cross-origin\" allowfullscreen><\/iframe>\n<\/div><\/figure>\n","protected":false},"excerpt":{"rendered":"<p>Ju\u017c w najbli\u017cszy czwartek (12 czerwca) w s\u0142upskim ratuszu rozpoczn\u0105 si\u0119 rozgrywki fina\u0142owe, w kt\u00f3rych we\u017amie udzia\u0142 11 najlepszych Uczestniczek i Uczestnik\u00f3w w kraju: Rozgrywki fina\u0142owe b\u0119dzie ocenia\u0107 jury w sk\u0142adzie: dr hab. Anna Doliwa &#8211; Klepacka, prof. UwB: wyk\u0142adowczyni akademicka na Wydziale Prawa Uniwersytetu w Bia\u0142ymstoku, ekspertka Team Europe Direct. (Przewodnicz\u0105ca) Krzysztof Nalepa: Komisja [&hellip;]<\/p>\n","protected":false},"author":2,"featured_media":1296,"comment_status":"closed","ping_status":"closed","sticky":false,"template":"","format":"standard","meta":{"footnotes":""},"categories":[1],"tags":[],"class_list":["post-1374","post","type-post","status-publish","format-standard","has-post-thumbnail","hentry","category-aktualnosci"],"_links":{"self":[{"href":"https:\/\/gwiezdnykrag.pl\/index.php\/wp-json\/wp\/v2\/posts\/1374","targetHints":{"allow":["GET"]}}],"collection":[{"href":"https:\/\/gwiezdnykrag.pl\/index.php\/wp-json\/wp\/v2\/posts"}],"about":[{"href":"https:\/\/gwiezdnykrag.pl\/index.php\/wp-json\/wp\/v2\/types\/post"}],"author":[{"embeddable":true,"href":"https:\/\/gwiezdnykrag.pl\/index.php\/wp-json\/wp\/v2\/users\/2"}],"replies":[{"embeddable":true,"href":"https:\/\/gwiezdnykrag.pl\/index.php\/wp-json\/wp\/v2\/comments?post=1374"}],"version-history":[{"count":2,"href":"https:\/\/gwiezdnykrag.pl\/index.php\/wp-json\/wp\/v2\/posts\/1374\/revisions"}],"predecessor-version":[{"id":1376,"href":"https:\/\/gwiezdnykrag.pl\/index.php\/wp-json\/wp\/v2\/posts\/1374\/revisions\/1376"}],"wp:featuredmedia":[{"embeddable":true,"href":"https:\/\/gwiezdnykrag.pl\/index.php\/wp-json\/wp\/v2\/media\/1296"}],"wp:attachment":[{"href":"https:\/\/gwiezdnykrag.pl\/index.php\/wp-json\/wp\/v2\/media?parent=1374"}],"wp:term":[{"taxonomy":"category","embeddable":true,"href":"https:\/\/gwiezdnykrag.pl\/index.php\/wp-json\/wp\/v2\/categories?post=1374"},{"taxonomy":"post_tag","embeddable":true,"href":"https:\/\/gwiezdnykrag.pl\/index.php\/wp-json\/wp\/v2\/tags?post=1374"}],"curies":[{"name":"wp","href":"https:\/\/api.w.org\/{rel}","templated":true}]}}