{"id":1211,"date":"2025-04-17T13:57:35","date_gmt":"2025-04-17T11:57:35","guid":{"rendered":"https:\/\/gwiezdnykrag.pl\/?p=1211"},"modified":"2025-04-17T13:57:35","modified_gmt":"2025-04-17T11:57:35","slug":"zagadnienia-iii-etap-olimpiady","status":"publish","type":"post","link":"https:\/\/gwiezdnykrag.pl\/index.php\/2025\/04\/17\/zagadnienia-iii-etap-olimpiady\/","title":{"rendered":"Zagadnienia III etap Olimpiady"},"content":{"rendered":"\n<p>Drogie Uczestniczki i Uczestnicy, Szanowni Finali\u015bci i Finalistki, <\/p>\n\n\n\n<p>poni\u017cej publikujemy list\u0119 zagadnie\u0144 obowi\u0105zuj\u0105cych na te\u015bcie zawod\u00f3w III stopnia oraz odpowiedzi ustnej. Temat debaty zostanie podany po og\u0142oszeniu fina\u0142owej 10. <\/p>\n\n\n\n<p class=\"has-text-align-center\"><strong>ZAGADNIENIA III ETAPU<\/strong><\/p>\n\n\n\n<p class=\"has-text-align-center\"><strong>XX edycji Og\u00f3lnopolskiej Olimpiady Wiedzy o Unii Europejskiej \u201eGwiezdny Kr\u0105g\u201d<\/strong><\/p>\n\n\n\n<ol class=\"wp-block-list\">\n<li>Charakter prawny Unii Europejskiej.<\/li>\n\n\n\n<li>Proces integracji europejskiej od Traktatu ustanawiaj\u0105cego Europejsk\u0105 Wsp\u00f3lnot\u0119 W\u0119gla i Stali do Traktatu z Lizbony.<\/li>\n\n\n\n<li>Proces integracji europejskiej \u2013 rozszerzenia o nowe pa\u0144stwa cz\u0142onkowskie.<\/li>\n\n\n\n<li>Kompetencje wy\u0142\u0105czne Unii Europejskiej.<\/li>\n\n\n\n<li>Kompetencje dzielone mi\u0119dzy pa\u0144stwa cz\u0142onkowskie a Uni\u0119 Europejsk\u0105.<\/li>\n\n\n\n<li>Zasada pomocniczo\u015bci.<\/li>\n\n\n\n<li>Zasada proporcjonalno\u015bci.<\/li>\n\n\n\n<li>Zasada prymatu prawa europejskiego.<\/li>\n\n\n\n<li>Zasada r\u00f3wnowagi instytucjonalnej i lojalnej wsp\u00f3\u0142pracy.<\/li>\n\n\n\n<li>Zasada bezpo\u015bredniego skutku prawa Unii Europejskiej.<\/li>\n\n\n\n<li>Zasada po\u015bredniego skutku prawa Unii Europejskiej.<\/li>\n\n\n\n<li>Warto\u015bci Unii Europejskiej.<\/li>\n\n\n\n<li>Prawo pierwotne Unii Europejskiej \u2013 charakterystyka i procedura stanowienia.<\/li>\n\n\n\n<li>Rozporz\u0105dzenie jako narz\u0119dzie unifikacji prawa w Unii Europejskiej.<\/li>\n\n\n\n<li>Dyrektywa jako narz\u0119dzie harmonizacji prawa Unii Europejskiej.<\/li>\n\n\n\n<li>Decyzja jako \u017ar\u00f3d\u0142o prawa wt\u00f3rnego Unii Europejskiej.<\/li>\n\n\n\n<li>Zalecenia i opinie jako niewi\u0105\u017c\u0105ce akty prawa wt\u00f3rnego Unii Europejskiej.<\/li>\n\n\n\n<li>Relacja prawa Unii Europejskiej do prawa mi\u0119dzynarodowego.<\/li>\n\n\n\n<li>Relacja prawa Unii Europejskiej do prawa pa\u0144stw cz\u0142onkowskich.<\/li>\n\n\n\n<li>Rada Europejska \u2013 sk\u0142ad, kompetencje, kadencja, siedziba.<\/li>\n\n\n\n<li>Rada Unii Europejskiej \u2013 sk\u0142ad, kompetencje, kadencja, siedziba, struktura wewn\u0119trzna.<\/li>\n\n\n\n<li>Komisja Europejska \u2013 struktura wewn\u0119trzna, sk\u0142ad, kompetencje, kadencja, siedziba, proces podejmowania decyzji.<\/li>\n\n\n\n<li>Parlament Europejski \u2013 struktura wewn\u0119trzna, sk\u0142ad, kompetencje, kadencja, siedziba.<\/li>\n\n\n\n<li>Trybuna\u0142 Obrachunkowy \u2013 sk\u0142ad, kompetencje, kadencja, siedziba.<\/li>\n\n\n\n<li>Europejski Bank Centralny \u2013 sk\u0142ad, kompetencje, kadencja, siedziba.<\/li>\n\n\n\n<li>Trybuna\u0142 Sprawiedliwo\u015bci Unii Europejskiej \u2013 w\u0142a\u015bciwo\u015b\u0107 trybuna\u0142u, sk\u0142ad, kompetencje, kadencja, siedziba.<\/li>\n\n\n\n<li>Post\u0119powanie prejudycjalne. Prawo i obowi\u0105zek zadania pytania prejudycjalnego.<\/li>\n\n\n\n<li>Skarga o stwierdzenie niewa\u017cno\u015bci aktu unijnego, ze szczeg\u00f3lnym uwzgl\u0119dnieniem kwestii locus standi.<\/li>\n\n\n\n<li>Skarga odszkodowawcza przeciwko Unii Europejskiej.<\/li>\n\n\n\n<li>Europejski Bank Inwestycyjny \u2013 sk\u0142ad, kompetencje, kadencja, siedziba.<\/li>\n\n\n\n<li>Komitet Region\u00f3w Unii Europejskiej \u2013 sk\u0142ad, kompetencje, kadencja, siedziba.<\/li>\n\n\n\n<li>Komitet Ekonomiczno \u2013 Spo\u0142eczny \u2013 sk\u0142ad, kompetencje, kadencja, siedziba.<\/li>\n\n\n\n<li>Uk\u0142ad z Schengen \u2013 charakterystyka, data podpisania i wej\u015bcia w \u017cycie, pa\u0144stwa strony.<\/li>\n\n\n\n<li>Swoboda przep\u0142ywu os\u00f3b.<\/li>\n\n\n\n<li>Swoboda przep\u0142ywu towar\u00f3w.<\/li>\n\n\n\n<li>Swoboda przep\u0142ywu us\u0142ug.<\/li>\n\n\n\n<li>Swoboda przep\u0142ywu kapita\u0142u.<\/li>\n\n\n\n<li>Obywatelstwo Unii Europejskiej \u2013 data powstania, charakterystyka, prawa zwi\u0105zane z obywatelstwem.<\/li>\n\n\n\n<li>Karta Praw Podstawowych Unii Europejskiej \u2013 charakterystyka, status prawny.<\/li>\n\n\n\n<li>Priorytety polityczne Komisji Europejskiej pod przewodnictwem Ursuli von der Leyen.<\/li>\n\n\n\n<li>Procedura przyst\u0105pienia pa\u0144stwa do Unii Europejskiej.<\/li>\n\n\n\n<li>Procedura wyst\u0105pienia pa\u0144stwa cz\u0142onkowskiego z Unii Europejskiej.<\/li>\n\n\n\n<li>Przewodnicz\u0105cy instytucji i organ\u00f3w Unii Europejskiej.<\/li>\n\n\n\n<li>Cechy Unii Europejskiej jako organizacji mi\u0119dzynarodowej.<\/li>\n\n\n\n<li>Procedura wyboru pos\u0142\u00f3w do Parlamentu Europejskiego na przyk\u0142adzie Polski w 2024 roku.<\/li>\n\n\n\n<li>Konkurencyjno\u015b\u0107 jako cel strategiczny obecnej kadencji Komisji Europejskiej. \u00a0<\/li>\n\n\n\n<li>Unia gospodarcza i walutowa, strefa euro (cz\u0142onkowie, warunki uczestnictwa oraz przysz\u0142o\u015b\u0107), rola Europejskiego Banku Centralnego.<\/li>\n\n\n\n<li>Unijna przestrze\u0144 wolno\u015bci bezpiecze\u0144stwa i sprawiedliwo\u015bci \u2013 wsp\u00f3\u0142praca wymiar\u00f3w sprawiedliwo\u015bci w sprawach cywilnych i karnych oraz wsp\u00f3\u0142praca policyjna.<\/li>\n\n\n\n<li>Unijna polityka migracyjna i azylowa Unijna odpowied\u017a na kryzys migracyjny oraz nowy pakt o migracji i azylu oraz zapobieganie nielegalnej emigracji do UE.<\/li>\n\n\n\n<li>Unijna polityka konkurencji \u2013 najwa\u017cniejsze cele i zasady.<\/li>\n\n\n\n<li>Polityka klimatyczna UE \u2013 najwa\u017cniejsze zasady, cele i znaczenie.<\/li>\n\n\n\n<li>Wsp\u00f3lna polityka rolna \u2013 najwa\u017cniejsze zasady i znaczenie.<\/li>\n\n\n\n<li>Unijna polityka sp\u00f3jno\u015bci \u2013 najwa\u017cniejsze zasady, cele i znaczenie.<\/li>\n\n\n\n<li>Unijna polityka bezpiecze\u0144stwa \u2013 najwa\u017cniejsze zasady, cele i znaczenie.<\/li>\n\n\n\n<li>Unia Europejska jako podmiot na arenie mi\u0119dzynarodowej w obecnej sytuacji geopolitycznej.<\/li>\n\n\n\n<li>Polityka zagraniczna i bezpiecze\u0144stwa UE \u2013 zakres i ograniczenia. Czym jest i jakie zadania realizuje Europejska S\u0142u\u017cba Dzia\u0142a\u0144 Zewn\u0119trznych?<\/li>\n\n\n\n<li>Pomoc humanitarna i ochrona ludno\u015bci prowadzona przez Uni\u0119 Europejsk\u0105.<\/li>\n\n\n\n<li>Partnerstwo Wschodnie Unii Europejskiej \u2013 cel, za\u0142o\u017cenia, ocena realizacji.<\/li>\n\n\n\n<li>\u201cEuropejski Zielony \u0141ad\u201d \u2013 pierwotne za\u0142o\u017cenia i korekta polityki \u015brodowisko-klimatycznej w obecnej kadencji Komisji Europejskiej.<\/li>\n\n\n\n<li>Krajowy Plan Odbudowy i Zwi\u0119kszania Odporno\u015bci \u2013 za\u0142o\u017cenia, obszar dofinansowania, cel, efekty, wysoko\u015b\u0107 \u015brodk\u00f3w.<\/li>\n\n\n\n<li>Polityka m\u0142odzie\u017cowa Unii Europejskiej \u2013 programy skierowane do m\u0142odzie\u017cy,<\/li>\n\n\n\n<li>Najwa\u017cniejsi politycy i urz\u0119dnicy w instytucjach UE (szefowie poszczeg\u00f3lnych instytucji UE, Komisarze UE itp.).<\/li>\n\n\n\n<li>Strefa euro &#8211; najwa\u017cniejsze informacje, problem dyscypliny fiskalnej w pa\u0144stwach cz\u0142onkowskich, kryteria konwergencji.<\/li>\n\n\n\n<li>Perspektywy dla kolejnych rozszerze\u0144 UE. Oficjalni i potencjalni kandydaci na nowych cz\u0142onk\u00f3w i mo\u017cliwe scenariusze dla dalszych rozszerze\u0144 (kryteria cz\u0142onkostwa w UE)<\/li>\n\n\n\n<li>20 lat cz\u0142onkostwa Polski w Unii Europejskiej \u2013 najwa\u017cniejsze daty, zmiany, bilans korzy\u015bci, Polki i Polacy w instytucjach europejskich.<\/li>\n\n\n\n<li>Wsp\u00f3lna Polityka Zagraniczna i Bezpiecze\u0144stwa Unii Europejskiej w kontek\u015bcie konfliktu zbrojnego w Ukrainie.<\/li>\n\n\n\n<li>Kluczowe regulacje Unii Europejskiej dotycz\u0105ce nowych technologii.<\/li>\n\n\n\n<li>Bud\u017cet Unii Europejskiej: dochody i wydatki, wielko\u015b\u0107, przeznaczenie, procedura uchwalania.<\/li>\n\n\n\n<li>Wzmocniona wsp\u00f3\u0142praca \u2013 istota, charakterystyka, procedura utworzenia.<\/li>\n\n\n\n<li>Prokuratura Europejska \u2013 cele, kompetencje, charakterystyka.<\/li>\n<\/ol>\n","protected":false},"excerpt":{"rendered":"<p>Drogie Uczestniczki i Uczestnicy, Szanowni Finali\u015bci i Finalistki, poni\u017cej publikujemy list\u0119 zagadnie\u0144 obowi\u0105zuj\u0105cych na te\u015bcie zawod\u00f3w III stopnia oraz odpowiedzi ustnej. Temat debaty zostanie podany po og\u0142oszeniu fina\u0142owej 10. ZAGADNIENIA III ETAPU XX edycji Og\u00f3lnopolskiej Olimpiady Wiedzy o Unii Europejskiej \u201eGwiezdny Kr\u0105g\u201d<\/p>\n","protected":false},"author":2,"featured_media":1212,"comment_status":"closed","ping_status":"open","sticky":false,"template":"","format":"standard","meta":{"footnotes":""},"categories":[1],"tags":[],"class_list":["post-1211","post","type-post","status-publish","format-standard","has-post-thumbnail","hentry","category-aktualnosci"],"_links":{"self":[{"href":"https:\/\/gwiezdnykrag.pl\/index.php\/wp-json\/wp\/v2\/posts\/1211","targetHints":{"allow":["GET"]}}],"collection":[{"href":"https:\/\/gwiezdnykrag.pl\/index.php\/wp-json\/wp\/v2\/posts"}],"about":[{"href":"https:\/\/gwiezdnykrag.pl\/index.php\/wp-json\/wp\/v2\/types\/post"}],"author":[{"embeddable":true,"href":"https:\/\/gwiezdnykrag.pl\/index.php\/wp-json\/wp\/v2\/users\/2"}],"replies":[{"embeddable":true,"href":"https:\/\/gwiezdnykrag.pl\/index.php\/wp-json\/wp\/v2\/comments?post=1211"}],"version-history":[{"count":1,"href":"https:\/\/gwiezdnykrag.pl\/index.php\/wp-json\/wp\/v2\/posts\/1211\/revisions"}],"predecessor-version":[{"id":1213,"href":"https:\/\/gwiezdnykrag.pl\/index.php\/wp-json\/wp\/v2\/posts\/1211\/revisions\/1213"}],"wp:featuredmedia":[{"embeddable":true,"href":"https:\/\/gwiezdnykrag.pl\/index.php\/wp-json\/wp\/v2\/media\/1212"}],"wp:attachment":[{"href":"https:\/\/gwiezdnykrag.pl\/index.php\/wp-json\/wp\/v2\/media?parent=1211"}],"wp:term":[{"taxonomy":"category","embeddable":true,"href":"https:\/\/gwiezdnykrag.pl\/index.php\/wp-json\/wp\/v2\/categories?post=1211"},{"taxonomy":"post_tag","embeddable":true,"href":"https:\/\/gwiezdnykrag.pl\/index.php\/wp-json\/wp\/v2\/tags?post=1211"}],"curies":[{"name":"wp","href":"https:\/\/api.w.org\/{rel}","templated":true}]}}