{"id":1191,"date":"2025-03-30T18:28:13","date_gmt":"2025-03-30T16:28:13","guid":{"rendered":"https:\/\/gwiezdnykrag.pl\/?p=1191"},"modified":"2025-04-07T07:39:22","modified_gmt":"2025-04-07T05:39:22","slug":"centra-egzaminacyjne-i-ii-etap-olimpiady","status":"publish","type":"post","link":"https:\/\/gwiezdnykrag.pl\/index.php\/2025\/03\/30\/centra-egzaminacyjne-i-ii-etap-olimpiady\/","title":{"rendered":"Centra egzaminacyjne i II etap Olimpiady"},"content":{"rendered":"\n<p><em>Drogie Uczestniczki i Uczestnicy,<\/em><\/p>\n\n\n\n<p>w imieniu Organizator\u00f3w pragniemy z\u0142o\u017cy\u0107 wszystkim wielkie gratulacje. Zar\u00f3wno liczba Uczestnik\u00f3w i Uczestniczek I etapu nas zaskoczy\u0142a, jak r\u00f3wnie\u017c liczba zainteresowanych szk\u00f3\u0142 bior\u0105cych udzia\u0142 w najwi\u0119kszym projekcie edukacji europejskiej w Polsce. <\/p>\n\n\n\n<figure class=\"wp-block-image size-full\"><img loading=\"lazy\" decoding=\"async\" width=\"902\" height=\"907\" src=\"https:\/\/gwiezdnykrag.pl\/wp-content\/uploads\/2025\/03\/OGK_14-1.jpg\" alt=\"\" class=\"wp-image-1192\" srcset=\"https:\/\/gwiezdnykrag.pl\/wp-content\/uploads\/2025\/03\/OGK_14-1.jpg 902w, https:\/\/gwiezdnykrag.pl\/wp-content\/uploads\/2025\/03\/OGK_14-1-298x300.jpg 298w, https:\/\/gwiezdnykrag.pl\/wp-content\/uploads\/2025\/03\/OGK_14-1-150x150.jpg 150w, https:\/\/gwiezdnykrag.pl\/wp-content\/uploads\/2025\/03\/OGK_14-1-768x772.jpg 768w\" sizes=\"auto, (max-width: 902px) 100vw, 902px\" \/><\/figure>\n\n\n\n<p>19 marca odby\u0142 si\u0119 I etap Olimpiady, kt\u00f3ry zosta\u0142 zorganizowany w 416 szko\u0142ach w ca\u0142ym kraju. Do kolejnego etapu, <strong>kt\u00f3ry b\u0119dzie si\u0119 9 kwietnia o godz. 10.00<\/strong>, zakwalifikowa\u0142y si\u0119 osoby, kt\u00f3re uzyska\u0142y minimum 27 punkt\u00f3w z testu. <\/p>\n\n\n\n<figure class=\"wp-block-image size-full\"><img loading=\"lazy\" decoding=\"async\" width=\"900\" height=\"907\" src=\"https:\/\/gwiezdnykrag.pl\/wp-content\/uploads\/2025\/03\/OGK_14.jpg\" alt=\"\" class=\"wp-image-1193\" srcset=\"https:\/\/gwiezdnykrag.pl\/wp-content\/uploads\/2025\/03\/OGK_14.jpg 900w, https:\/\/gwiezdnykrag.pl\/wp-content\/uploads\/2025\/03\/OGK_14-298x300.jpg 298w, https:\/\/gwiezdnykrag.pl\/wp-content\/uploads\/2025\/03\/OGK_14-150x150.jpg 150w, https:\/\/gwiezdnykrag.pl\/wp-content\/uploads\/2025\/03\/OGK_14-768x774.jpg 768w\" sizes=\"auto, (max-width: 900px) 100vw, 900px\" \/><\/figure>\n\n\n\n<p>Do II etapu zakwalifikowa\u0142o si\u0119 1298 uczni\u00f3w i uczennic z reprezentuj\u0105cych 350 szk\u00f3\u0142 ponadpodstawowych w Polsce. Natomiast do etapu fina\u0142owego zakwalifikuje si\u0119 50 os\u00f3b z najwi\u0119ksz\u0105 liczb\u0105 punkt\u00f3w w skali kraju. Trzymamy kciuki! <\/p>\n\n\n\n<p> <strong>Lista centr\u00f3w egzaminacyjnych II etapu Olimpiady: <\/strong><\/p>\n\n\n\n<div data-wp-interactive=\"core\/file\" class=\"wp-block-file\"><object data-wp-bind--hidden=\"!state.hasPdfPreview\" hidden class=\"wp-block-file__embed\" data=\"https:\/\/gwiezdnykrag.pl\/wp-content\/uploads\/2025\/03\/centra-egzaminacyjnej-2.pdf\" type=\"application\/pdf\" style=\"width:100%;height:600px\" aria-label=\"Osadzone z centra egzaminacyjnej.\"><\/object><a id=\"wp-block-file--media-786b6ffe-f99b-41b3-9e40-532376ba6bed\" href=\"https:\/\/gwiezdnykrag.pl\/wp-content\/uploads\/2025\/03\/centra-egzaminacyjnej-2.pdf\">centra egzaminacyjnej<\/a><a href=\"https:\/\/gwiezdnykrag.pl\/wp-content\/uploads\/2025\/03\/centra-egzaminacyjnej-2.pdf\" class=\"wp-block-file__button wp-element-button\" download aria-describedby=\"wp-block-file--media-786b6ffe-f99b-41b3-9e40-532376ba6bed\">Pobierz<\/a><\/div>\n\n\n\n<p>Liczba Uczni\u00f3w i Uczennic, kt\u00f3ra zakwalifikowa\u0142a si\u0119 do II etapu Olimpiady: <\/p>\n\n\n\n<div data-wp-interactive=\"core\/file\" class=\"wp-block-file\"><object data-wp-bind--hidden=\"!state.hasPdfPreview\" hidden class=\"wp-block-file__embed\" data=\"https:\/\/gwiezdnykrag.pl\/wp-content\/uploads\/2025\/03\/Liczba-uczniow-i-uczennic-ktora-zakwalifikowala-sie-do-II-etapu.pdf\" type=\"application\/pdf\" style=\"width:100%;height:600px\" aria-label=\"Osadzone z Liczba uczni\u00f3w i uczennic, kt\u00f3ra zakwalifikowa\u0142a si\u0119 do II etapu.\"><\/object><a id=\"wp-block-file--media-7b9f3b67-4631-4180-9d36-a61049f4f7ae\" href=\"https:\/\/gwiezdnykrag.pl\/wp-content\/uploads\/2025\/03\/Liczba-uczniow-i-uczennic-ktora-zakwalifikowala-sie-do-II-etapu.pdf\">Liczba uczni\u00f3w i uczennic, kt\u00f3ra zakwalifikowa\u0142a si\u0119 do II etapu<\/a><a href=\"https:\/\/gwiezdnykrag.pl\/wp-content\/uploads\/2025\/03\/Liczba-uczniow-i-uczennic-ktora-zakwalifikowala-sie-do-II-etapu.pdf\" class=\"wp-block-file__button wp-element-button\" download aria-describedby=\"wp-block-file--media-7b9f3b67-4631-4180-9d36-a61049f4f7ae\">Pobierz<\/a><\/div>\n\n\n\n<p><strong>Koordynatorzy centr\u00f3w egzaminacyjnych:<\/strong> <\/p>\n\n\n\n<div data-wp-interactive=\"core\/file\" class=\"wp-block-file\"><object data-wp-bind--hidden=\"!state.hasPdfPreview\" hidden class=\"wp-block-file__embed\" data=\"https:\/\/gwiezdnykrag.pl\/wp-content\/uploads\/2025\/03\/dane-kontaktowe-koordynatorow-centrow-egzaminacyjnych-1.pdf\" type=\"application\/pdf\" style=\"width:100%;height:600px\" aria-label=\"Osadzone z dane kontaktowe koordynator\u00f3w centr\u00f3w egzaminacyjnych.\"><\/object><a id=\"wp-block-file--media-95a5d9a2-7cac-4f87-9eb1-481a96464622\" href=\"https:\/\/gwiezdnykrag.pl\/wp-content\/uploads\/2025\/03\/dane-kontaktowe-koordynatorow-centrow-egzaminacyjnych-1.pdf\">dane kontaktowe koordynator\u00f3w centr\u00f3w egzaminacyjnych<\/a><a href=\"https:\/\/gwiezdnykrag.pl\/wp-content\/uploads\/2025\/03\/dane-kontaktowe-koordynatorow-centrow-egzaminacyjnych-1.pdf\" class=\"wp-block-file__button wp-element-button\" download aria-describedby=\"wp-block-file--media-95a5d9a2-7cac-4f87-9eb1-481a96464622\">Pobierz<\/a><\/div>\n\n\n\n<p>Przypominamy, \u017ce II etap sk\u0142ada si\u0119 z testu wielokrotnego wyboru z\u0142o\u017conego z 50 pyta\u0144 zamkni\u0119tych, na rozwi\u0105zanie kt\u00f3rego ka\u017cdy z uczestnik\u00f3w b\u0119dzie mia\u0142 60 minut. <\/p>\n\n\n\n<p>Lista zagadnie\u0144: <\/p>\n\n\n\n<ol class=\"wp-block-list\">\n<li>Rozszerzenia Unii Europejskiej o nowe pa\u0144stwa cz\u0142onkowskie (rok i nazwa pa\u0144stwa przyst\u0119puj\u0105cego).<\/li>\n\n\n\n<li>Historia integracji europejskiej w oparciu o zmiany traktatowe (nazwa traktatu, data podpisania, data wej\u015bcia w \u017cycie, g\u0142\u00f3wne za\u0142o\u017cenia).<\/li>\n\n\n\n<li>System instytucjonalny Unii Europejskiej (nazwa instytucji, sk\u0142ad, kompetencje, kadencja, procedura wyboru cz\u0142onk\u00f3w, siedziba, przewodnicz\u0105cy\/a).<\/li>\n\n\n\n<li>System \u017ar\u00f3de\u0142 prawa wt\u00f3rnego Unii Europejskiej (rozporz\u0105dzenie, dyrektywa, decyzja, zalecenia i opinie).<\/li>\n\n\n\n<li>Swobody rynku wewn\u0119trznego Unii Europejskiej (charakterystyka i istota).<\/li>\n\n\n\n<li>Procedura przyst\u0105pienia i wyst\u0105pienia pa\u0144stwa do Unii Europejskiej.<\/li>\n\n\n\n<li>Bud\u017cet i wieloletnie ramy finansowe Unii Europejskiej.<\/li>\n\n\n\n<li>Unia Europejska jako organizacja mi\u0119dzynarodowa.<\/li>\n\n\n\n<li>Priorytety Komisji Europejskiej na lata 2024 \u2013 2029.<\/li>\n\n\n\n<li>Prezydencja Polski w Unii Europejskiej (priorytety, za\u0142o\u017cenia)<\/li>\n\n\n\n<li>Polityka m\u0142odzie\u017cowa Unii Europejskiej (programy, cele, za\u0142o\u017cenia).<\/li>\n\n\n\n<li>Wsp\u00f3lna Polityka Zagraniczna i Bezpiecze\u0144stwa Unii Europejskiej.<\/li>\n\n\n\n<li>Obywatelstwo Unii Europejskiej (spos\u00f3b nabycia, prawa i obowi\u0105zki wynikaj\u0105ce z obywatelstwa).<\/li>\n\n\n\n<li>Polska w Unii Europejskiej (proces akcesji Polski do Unii Europejskiej, korzy\u015bci i wyzwania z cz\u0142onkostwa Polski w Unii Europejskiej, Polki i Polacy zajmuj\u0105cy najistotniejsze funkcje w strukturach europejskich, polskie inicjatywy w Unii Europejskiej).<\/li>\n\n\n\n<li>Pa\u0144stwa kandyduj\u0105ce i stowarzyszone z Uni\u0105 Europejsk\u0105.<\/li>\n<\/ol>\n\n\n\n<p>Polecamy tak\u017ce obejrzenie podcast\u00f3w z udzia\u0142em ekspert\u00f3w i ekspertek Team Europe Direct, kt\u00f3re przybli\u017caj\u0105 wy\u017cej wskazane zagadnienia. S\u0105 one dost\u0119pne zar\u00f3wno na <a href=\"https:\/\/www.facebook.com\/watch\/100042535826033\/3631183427026350\"><strong>profilu facebook<\/strong><\/a>, a tak\u017ce na naszej stronie internetowej. <\/p>\n\n\n\n<p><\/p>\n","protected":false},"excerpt":{"rendered":"<p>Drogie Uczestniczki i Uczestnicy, w imieniu Organizator\u00f3w pragniemy z\u0142o\u017cy\u0107 wszystkim wielkie gratulacje. Zar\u00f3wno liczba Uczestnik\u00f3w i Uczestniczek I etapu nas zaskoczy\u0142a, jak r\u00f3wnie\u017c liczba zainteresowanych szk\u00f3\u0142 bior\u0105cych udzia\u0142 w najwi\u0119kszym projekcie edukacji europejskiej w Polsce. 19 marca odby\u0142 si\u0119 I etap Olimpiady, kt\u00f3ry zosta\u0142 zorganizowany w 416 szko\u0142ach w ca\u0142ym kraju. Do kolejnego etapu, kt\u00f3ry [&hellip;]<\/p>\n","protected":false},"author":2,"featured_media":843,"comment_status":"closed","ping_status":"open","sticky":false,"template":"","format":"standard","meta":{"footnotes":""},"categories":[1],"tags":[],"class_list":["post-1191","post","type-post","status-publish","format-standard","has-post-thumbnail","hentry","category-aktualnosci"],"_links":{"self":[{"href":"https:\/\/gwiezdnykrag.pl\/index.php\/wp-json\/wp\/v2\/posts\/1191","targetHints":{"allow":["GET"]}}],"collection":[{"href":"https:\/\/gwiezdnykrag.pl\/index.php\/wp-json\/wp\/v2\/posts"}],"about":[{"href":"https:\/\/gwiezdnykrag.pl\/index.php\/wp-json\/wp\/v2\/types\/post"}],"author":[{"embeddable":true,"href":"https:\/\/gwiezdnykrag.pl\/index.php\/wp-json\/wp\/v2\/users\/2"}],"replies":[{"embeddable":true,"href":"https:\/\/gwiezdnykrag.pl\/index.php\/wp-json\/wp\/v2\/comments?post=1191"}],"version-history":[{"count":3,"href":"https:\/\/gwiezdnykrag.pl\/index.php\/wp-json\/wp\/v2\/posts\/1191\/revisions"}],"predecessor-version":[{"id":1204,"href":"https:\/\/gwiezdnykrag.pl\/index.php\/wp-json\/wp\/v2\/posts\/1191\/revisions\/1204"}],"wp:featuredmedia":[{"embeddable":true,"href":"https:\/\/gwiezdnykrag.pl\/index.php\/wp-json\/wp\/v2\/media\/843"}],"wp:attachment":[{"href":"https:\/\/gwiezdnykrag.pl\/index.php\/wp-json\/wp\/v2\/media?parent=1191"}],"wp:term":[{"taxonomy":"category","embeddable":true,"href":"https:\/\/gwiezdnykrag.pl\/index.php\/wp-json\/wp\/v2\/categories?post=1191"},{"taxonomy":"post_tag","embeddable":true,"href":"https:\/\/gwiezdnykrag.pl\/index.php\/wp-json\/wp\/v2\/tags?post=1191"}],"curies":[{"name":"wp","href":"https:\/\/api.w.org\/{rel}","templated":true}]}}