{"id":1142,"date":"2025-01-14T16:31:11","date_gmt":"2025-01-14T15:31:11","guid":{"rendered":"https:\/\/gwiezdnykrag.pl\/?p=1142"},"modified":"2025-01-14T16:31:11","modified_gmt":"2025-01-14T15:31:11","slug":"jubileuszowa-20-edycja-olimpiady-gwiezdny-krag","status":"publish","type":"post","link":"https:\/\/gwiezdnykrag.pl\/index.php\/2025\/01\/14\/jubileuszowa-20-edycja-olimpiady-gwiezdny-krag\/","title":{"rendered":"Jubileuszowa 20. edycja Olimpiady &#8222;Gwiezdny Kr\u0105g&#8221;"},"content":{"rendered":"\n<p>Rusza Jubileuszowa XX edycja Og\u00f3lnopolskiej Olimpiady Wiedzy o Unii Europejskiej \u201eGwiezdny Kr\u0105g\u201d skierowanej do uczni\u00f3w szk\u00f3\u0142 ponadpodstawowych: lice\u00f3w og\u00f3lnokszta\u0142c\u0105cych, lice\u00f3w profilowanych, technik\u00f3w, uzupe\u0142niaj\u0105cych lice\u00f3w og\u00f3lnokszta\u0142c\u0105cych i technik\u00f3w uzupe\u0142niaj\u0105cych oraz dla uczni\u00f3w szk\u00f3\u0142 ponadpodstawowych i bran\u017cowych.<\/p>\n\n\n\n<p>Olimpiada organizowana jest przez Komisj\u0119 Europejsk\u0105 Przedstawicielstwo w Polsce, Biuro Parlamentu Europejskiego w Polsce, Stowarzyszenie \u201eS\u0142upski Instytut ds. M\u0142odzie\u017cy przy wsp\u00f3\u0142pracy z ekspertami Team Europe Direct, Punktami Europe Direct oraz Stowarzyszeniem \u201ePomorskie w Unii Europejskiej\u201d.<\/p>\n\n\n\n<figure class=\"wp-block-image size-large\"><img loading=\"lazy\" decoding=\"async\" width=\"1024\" height=\"768\" src=\"https:\/\/gwiezdnykrag.pl\/wp-content\/uploads\/2024\/06\/437940419_1166526188108564_1570805563753689239_n-1024x768.jpg\" alt=\"\" class=\"wp-image-1118\" srcset=\"https:\/\/gwiezdnykrag.pl\/wp-content\/uploads\/2024\/06\/437940419_1166526188108564_1570805563753689239_n-1024x768.jpg 1024w, https:\/\/gwiezdnykrag.pl\/wp-content\/uploads\/2024\/06\/437940419_1166526188108564_1570805563753689239_n-300x225.jpg 300w, https:\/\/gwiezdnykrag.pl\/wp-content\/uploads\/2024\/06\/437940419_1166526188108564_1570805563753689239_n-768x576.jpg 768w, https:\/\/gwiezdnykrag.pl\/wp-content\/uploads\/2024\/06\/437940419_1166526188108564_1570805563753689239_n-1536x1152.jpg 1536w, https:\/\/gwiezdnykrag.pl\/wp-content\/uploads\/2024\/06\/437940419_1166526188108564_1570805563753689239_n.jpg 1600w\" sizes=\"auto, (max-width: 1024px) 100vw, 1024px\" \/><\/figure>\n\n\n\n<p><strong>Nagrody<\/strong><\/p>\n\n\n\n<p>Dla trzech pierwszych miejsc przewidzieli\u015bmy nagrody specjalne: wyjazd turystyczny do wybranego przez uczestnika miejsca w Unii Europejskiej. Mo\u017ce to by\u0107 zwrot koszt\u00f3w wycieczki z biurem podr\u00f3\u017cy lub zorganizowanej przez samego uczestnika, tak\u017ce z mo\u017cliwo\u015bci\u0105 zabrania we wsp\u00f3ln\u0105 podr\u00f3\u017c innej osoby. Organizatorzy przewidzieli nast\u0119puj\u0105c\u0105 warto\u015b\u0107 tych nagr\u00f3d:<\/p>\n\n\n\n<p>\u2022 I miejsce \u2013 wyjazd o maksymalnej warto\u015bci 10.000,00 z\u0142otych;<\/p>\n\n\n\n<p>\u2022 II miejsce \u2013 wyjazd o maksymalnej warto\u015bci 7.000,00 z\u0142otych;<\/p>\n\n\n\n<p>\u2022 III miejsce \u2013 wyjazd o maksymalnej warto\u015bci 5.000,00 z\u0142otych.<\/p>\n\n\n\n<p>Laureaci i finali\u015bci mog\u0105 tak\u017ce liczy\u0107 na nagrody rzeczowe. Do wygrania s\u0105 tak\u017ce \u201eindeksy\u201d na wybrane uczelnie wy\u017csze w Polsce.<\/p>\n\n\n\n<p>&nbsp;&nbsp;&nbsp;&nbsp;&nbsp;&nbsp;&nbsp;&nbsp;&nbsp;&nbsp;&nbsp; Szko\u0142y zainteresowane udzia\u0142em proszone s\u0105 o wys\u0142anie formularza zg\u0142oszeniowego dost\u0119pnego na stronie olimpiady drog\u0105 mailow\u0105 <strong>do 14 marca 2025 roku<\/strong>.<\/p>\n\n\n\n<p>Wi\u0119cej informacji:<\/p>\n\n\n\n<ol class=\"wp-block-list\">\n<li><strong><a href=\"https:\/\/gwiezdnykrag.pl\/\">Strona internetowa Olimpiady<\/a>.<\/strong><\/li>\n\n\n\n<li><strong><a href=\"https:\/\/gwiezdnykrag.pl\/index.php\/regulamin\/\">Regulamin<\/a>.<\/strong><\/li>\n\n\n\n<li><strong><a href=\"https:\/\/gwiezdnykrag.pl\/index.php\/harmonogram\/\">Harmonogram<\/a>.<\/strong><\/li>\n\n\n\n<li><strong><a href=\"https:\/\/gwiezdnykrag.pl\/index.php\/pliki-do-pobrania\/\">Formularz zg\u0142oszeniowy oraz inne dokumenty do pobrania<\/a>.<\/strong><\/li>\n\n\n\n<li><strong><a href=\"https:\/\/gwiezdnykrag.pl\/index.php\/kontakt\/\">Dane kontaktowe<\/a>.<\/strong><\/li>\n<\/ol>\n\n\n\n<figure class=\"wp-block-image size-large\"><img loading=\"lazy\" decoding=\"async\" width=\"1024\" height=\"768\" src=\"https:\/\/gwiezdnykrag.pl\/wp-content\/uploads\/2023\/06\/P2340544-1024x768.jpg\" alt=\"\" class=\"wp-image-880\" srcset=\"https:\/\/gwiezdnykrag.pl\/wp-content\/uploads\/2023\/06\/P2340544-1024x768.jpg 1024w, https:\/\/gwiezdnykrag.pl\/wp-content\/uploads\/2023\/06\/P2340544-300x225.jpg 300w, https:\/\/gwiezdnykrag.pl\/wp-content\/uploads\/2023\/06\/P2340544-768x576.jpg 768w, https:\/\/gwiezdnykrag.pl\/wp-content\/uploads\/2023\/06\/P2340544-1536x1152.jpg 1536w, https:\/\/gwiezdnykrag.pl\/wp-content\/uploads\/2023\/06\/P2340544-2048x1536.jpg 2048w, https:\/\/gwiezdnykrag.pl\/wp-content\/uploads\/2023\/06\/P2340544-410x308.jpg 410w, https:\/\/gwiezdnykrag.pl\/wp-content\/uploads\/2023\/06\/P2340544-100x75.jpg 100w, https:\/\/gwiezdnykrag.pl\/wp-content\/uploads\/2023\/06\/P2340544-275x206.jpg 275w\" sizes=\"auto, (max-width: 1024px) 100vw, 1024px\" \/><\/figure>\n\n\n\n<p><strong>Kontekst:&nbsp;<\/strong><\/p>\n\n\n\n<p>Og\u00f3lnopolska Olimpiada Wiedzy o Unii Europejskiej \u201eGwiezdny Kr\u0105g\u201d jest projektem realizowanym od 2004 roku. Jest jedyn\u0105 Olimpiad\u0105 w Polsce realizowan\u0105 wsp\u00f3lnie przez Komisj\u0119 Europejska Przedstawicielstwo w Polsce oraz Biuro Parlamentu Europejskiego w Polsce. Od wielu lat w jej organizacj\u0119 zaanga\u017cowa\u0142o si\u0119 Stowarzyszenie \u201ePomorskie w Unii Europejskiej\u201d, punkty Europe Direct w Polsce, a tak\u017ce cz\u0142onkowie zespo\u0142u eksperckiego Team Europe.<\/p>\n\n\n\n<p>Celem Olimpiady jest popularyzowanie wiedzy o Unii Europejskiej, w szczeg\u00f3lno\u015bci: jej systemu instytucjonalnego, procesu integracji europejskiej, unijnych polityk, prawa i europejskich warto\u015bci oraz og\u00f3lnej wiedzy o Europie i pa\u0144stwach cz\u0142onkowskich UE.<\/p>\n","protected":false},"excerpt":{"rendered":"<p>Rusza Jubileuszowa XX edycja Og\u00f3lnopolskiej Olimpiady Wiedzy o Unii Europejskiej \u201eGwiezdny Kr\u0105g\u201d skierowanej do uczni\u00f3w szk\u00f3\u0142 ponadpodstawowych: lice\u00f3w og\u00f3lnokszta\u0142c\u0105cych, lice\u00f3w profilowanych, technik\u00f3w, uzupe\u0142niaj\u0105cych lice\u00f3w og\u00f3lnokszta\u0142c\u0105cych i technik\u00f3w uzupe\u0142niaj\u0105cych oraz dla uczni\u00f3w szk\u00f3\u0142 ponadpodstawowych i bran\u017cowych. Olimpiada organizowana jest przez Komisj\u0119 Europejsk\u0105 Przedstawicielstwo w Polsce, Biuro Parlamentu Europejskiego w Polsce, Stowarzyszenie \u201eS\u0142upski Instytut ds. M\u0142odzie\u017cy przy [&hellip;]<\/p>\n","protected":false},"author":2,"featured_media":843,"comment_status":"closed","ping_status":"open","sticky":false,"template":"","format":"standard","meta":{"footnotes":""},"categories":[1],"tags":[],"class_list":["post-1142","post","type-post","status-publish","format-standard","has-post-thumbnail","hentry","category-aktualnosci"],"_links":{"self":[{"href":"https:\/\/gwiezdnykrag.pl\/index.php\/wp-json\/wp\/v2\/posts\/1142","targetHints":{"allow":["GET"]}}],"collection":[{"href":"https:\/\/gwiezdnykrag.pl\/index.php\/wp-json\/wp\/v2\/posts"}],"about":[{"href":"https:\/\/gwiezdnykrag.pl\/index.php\/wp-json\/wp\/v2\/types\/post"}],"author":[{"embeddable":true,"href":"https:\/\/gwiezdnykrag.pl\/index.php\/wp-json\/wp\/v2\/users\/2"}],"replies":[{"embeddable":true,"href":"https:\/\/gwiezdnykrag.pl\/index.php\/wp-json\/wp\/v2\/comments?post=1142"}],"version-history":[{"count":2,"href":"https:\/\/gwiezdnykrag.pl\/index.php\/wp-json\/wp\/v2\/posts\/1142\/revisions"}],"predecessor-version":[{"id":1144,"href":"https:\/\/gwiezdnykrag.pl\/index.php\/wp-json\/wp\/v2\/posts\/1142\/revisions\/1144"}],"wp:featuredmedia":[{"embeddable":true,"href":"https:\/\/gwiezdnykrag.pl\/index.php\/wp-json\/wp\/v2\/media\/843"}],"wp:attachment":[{"href":"https:\/\/gwiezdnykrag.pl\/index.php\/wp-json\/wp\/v2\/media?parent=1142"}],"wp:term":[{"taxonomy":"category","embeddable":true,"href":"https:\/\/gwiezdnykrag.pl\/index.php\/wp-json\/wp\/v2\/categories?post=1142"},{"taxonomy":"post_tag","embeddable":true,"href":"https:\/\/gwiezdnykrag.pl\/index.php\/wp-json\/wp\/v2\/tags?post=1142"}],"curies":[{"name":"wp","href":"https:\/\/api.w.org\/{rel}","templated":true}]}}