{"id":1109,"date":"2024-06-03T13:24:15","date_gmt":"2024-06-03T11:24:15","guid":{"rendered":"https:\/\/gwiezdnykrag.pl\/?p=1109"},"modified":"2024-06-03T13:24:15","modified_gmt":"2024-06-03T11:24:15","slug":"znamy-finalowa-10-xix-edycji-gwiezdnego-kregu","status":"publish","type":"post","link":"https:\/\/gwiezdnykrag.pl\/index.php\/2024\/06\/03\/znamy-finalowa-10-xix-edycji-gwiezdnego-kregu\/","title":{"rendered":"Znamy fina\u0142ow\u0105 10. XIX edycji &#8222;Gwiezdnego Kr\u0119gu&#8221;"},"content":{"rendered":"\n<p>Ju\u017c 12 czerwca w Urz\u0119dzie Miejskim w S\u0142upsku zmierzy si\u0119 fina\u0142owa 10 Uczestniczek i Uczestnik\u00f3w XIX edycji Og\u00f3lnopolskiej Olimpiady Wiedzy o Unii Europejskiej &#8222;Gwiezdny Kr\u0105g&#8221;. Z blisko 6 tysi\u0119cy uczestniczek i uczestnik\u00f3w, do fina\u0142owych rozgrywek w S\u0142upsku zakwalifikowali si\u0119: <\/p>\n\n\n\n<ol class=\"wp-block-list\">\n<li><strong>BIERA Tomasz<\/strong>, XXVII Liceum Og\u00f3lnokszta\u0142c\u0105ce im. T. Czackiego w Warszawie;<\/li>\n\n\n\n<li><strong>CHOMENTOWSKI Karol<\/strong>, LXIII Liceum Og\u00f3lnokszta\u0142c\u0105ce im. Lajosa Kossutha w Warszawie;<\/li>\n\n\n\n<li><strong>GRZELECKA Julia<\/strong>, Liceum Og\u00f3lnokszta\u0142c\u0105ce im Mjra Henryka Sucharskiego w Sierpcu;<\/li>\n\n\n\n<li><strong>KIELAR Julia<\/strong>, Liceum Og\u00f3lnokszta\u0142c\u0105ce nr V im. Gen. Jakuba Jasi\u0144skiego we Wroc\u0142awiu;<\/li>\n\n\n\n<li><strong>MARZEC Andrzej<\/strong>, I Liceum Og\u00f3lnokszta\u0142c\u0105ce im. Juliusza S\u0142owackiego w Ole\u015bnicy;<\/li>\n\n\n\n<li><strong>ROZKOSZ Oliwia<\/strong>, XIV Liceum Og\u00f3lnokszta\u0142c\u0105ce im. St. Staszica w Warszawie;<\/li>\n\n\n\n<li><strong>S\u0141Y\u015a Bartosz<\/strong>, I Liceum Og\u00f3lnokszta\u0142c\u0105ce z Oddzia\u0142ami Dwuj\u0119zycznymi im. Miko\u0142aja Kopernika w Kro\u015bnie;<\/li>\n\n\n\n<li><strong>SOSNOWSKA Julia<\/strong>, XIII Liceum Og\u00f3lnokszta\u0142c\u0105ce w Szczecinie;<\/li>\n\n\n\n<li><strong>SPORY\u015a Bart\u0142omiej<\/strong>, V Liceum Og\u00f3lnokszta\u0142c\u0105ce im. Augusta Witkowskiego w Krakowie;<\/li>\n\n\n\n<li><strong>ZIELI\u0143SKI Franciszek<\/strong>, I Liceum Og\u00f3lnokszta\u0142c\u0105ce im. Marcina Wadowita w Wadowicach.<\/li>\n<\/ol>\n\n\n\n<p>Wszystkim Uczestnikom i Uczestniczkom zawod\u00f3w III stopnia &#8211; cz\u0119\u015bci I serdecznie gratulujemy!<\/p>\n\n\n\n<p>Fina\u0142ow\u0105 10 prosimy o PILNE odes\u0142anie potwierdzenia udzia\u0142u zgodnie z poni\u017cszym formularzem: <\/p>\n\n\n\n<div class=\"wp-block-file\"><a id=\"wp-block-file--media-2fd41876-eb13-4ec5-9b24-65309e962310\" href=\"https:\/\/gwiezdnykrag.pl\/wp-content\/uploads\/2024\/06\/Potwierdzenie-udzialu.docx\">Potwierdzenie-udzialu<\/a><a href=\"https:\/\/gwiezdnykrag.pl\/wp-content\/uploads\/2024\/06\/Potwierdzenie-udzialu.docx\" class=\"wp-block-file__button wp-element-button\" download aria-describedby=\"wp-block-file--media-2fd41876-eb13-4ec5-9b24-65309e962310\">Pobierz<\/a><\/div>\n\n\n\n<div class=\"wp-block-file\"><a id=\"wp-block-file--media-aedf61b7-109c-4dc5-bbeb-a081a23b577b\" href=\"https:\/\/gwiezdnykrag.pl\/wp-content\/uploads\/2024\/06\/formularz-zwrotu-kosztow-dojazdu.docx\">formularz-zwrotu-kosztow-dojazdu<\/a><a href=\"https:\/\/gwiezdnykrag.pl\/wp-content\/uploads\/2024\/06\/formularz-zwrotu-kosztow-dojazdu.docx\" class=\"wp-block-file__button wp-element-button\" download aria-describedby=\"wp-block-file--media-aedf61b7-109c-4dc5-bbeb-a081a23b577b\">Pobierz<\/a><\/div>\n\n\n\n<div class=\"wp-block-file\"><a id=\"wp-block-file--media-75822f13-2832-45a9-aa2d-0e06e9a499af\" href=\"https:\/\/gwiezdnykrag.pl\/wp-content\/uploads\/2024\/06\/roboczy-program-finalu-i-gali-GK.pdf\">roboczy-program-finalu-i-gali-GK<\/a><a href=\"https:\/\/gwiezdnykrag.pl\/wp-content\/uploads\/2024\/06\/roboczy-program-finalu-i-gali-GK.pdf\" class=\"wp-block-file__button wp-element-button\" download aria-describedby=\"wp-block-file--media-75822f13-2832-45a9-aa2d-0e06e9a499af\">Pobierz<\/a><\/div>\n","protected":false},"excerpt":{"rendered":"<p>Ju\u017c 12 czerwca w Urz\u0119dzie Miejskim w S\u0142upsku zmierzy si\u0119 fina\u0142owa 10 Uczestniczek i Uczestnik\u00f3w XIX edycji Og\u00f3lnopolskiej Olimpiady Wiedzy o Unii Europejskiej &#8222;Gwiezdny Kr\u0105g&#8221;. Z blisko 6 tysi\u0119cy uczestniczek i uczestnik\u00f3w, do fina\u0142owych rozgrywek w S\u0142upsku zakwalifikowali si\u0119: Wszystkim Uczestnikom i Uczestniczkom zawod\u00f3w III stopnia &#8211; cz\u0119\u015bci I serdecznie gratulujemy! Fina\u0142ow\u0105 10 prosimy o [&hellip;]<\/p>\n","protected":false},"author":2,"featured_media":840,"comment_status":"closed","ping_status":"closed","sticky":false,"template":"","format":"standard","meta":{"footnotes":""},"categories":[1],"tags":[],"class_list":["post-1109","post","type-post","status-publish","format-standard","has-post-thumbnail","hentry","category-aktualnosci"],"_links":{"self":[{"href":"https:\/\/gwiezdnykrag.pl\/index.php\/wp-json\/wp\/v2\/posts\/1109","targetHints":{"allow":["GET"]}}],"collection":[{"href":"https:\/\/gwiezdnykrag.pl\/index.php\/wp-json\/wp\/v2\/posts"}],"about":[{"href":"https:\/\/gwiezdnykrag.pl\/index.php\/wp-json\/wp\/v2\/types\/post"}],"author":[{"embeddable":true,"href":"https:\/\/gwiezdnykrag.pl\/index.php\/wp-json\/wp\/v2\/users\/2"}],"replies":[{"embeddable":true,"href":"https:\/\/gwiezdnykrag.pl\/index.php\/wp-json\/wp\/v2\/comments?post=1109"}],"version-history":[{"count":1,"href":"https:\/\/gwiezdnykrag.pl\/index.php\/wp-json\/wp\/v2\/posts\/1109\/revisions"}],"predecessor-version":[{"id":1113,"href":"https:\/\/gwiezdnykrag.pl\/index.php\/wp-json\/wp\/v2\/posts\/1109\/revisions\/1113"}],"wp:featuredmedia":[{"embeddable":true,"href":"https:\/\/gwiezdnykrag.pl\/index.php\/wp-json\/wp\/v2\/media\/840"}],"wp:attachment":[{"href":"https:\/\/gwiezdnykrag.pl\/index.php\/wp-json\/wp\/v2\/media?parent=1109"}],"wp:term":[{"taxonomy":"category","embeddable":true,"href":"https:\/\/gwiezdnykrag.pl\/index.php\/wp-json\/wp\/v2\/categories?post=1109"},{"taxonomy":"post_tag","embeddable":true,"href":"https:\/\/gwiezdnykrag.pl\/index.php\/wp-json\/wp\/v2\/tags?post=1109"}],"curies":[{"name":"wp","href":"https:\/\/api.w.org\/{rel}","templated":true}]}}