{"id":1013,"date":"2024-01-11T20:07:38","date_gmt":"2024-01-11T19:07:38","guid":{"rendered":"https:\/\/gwiezdnykrag.pl\/?p=1013"},"modified":"2024-01-11T20:07:38","modified_gmt":"2024-01-11T19:07:38","slug":"gwiezdny-krag-po-raz-xix","status":"publish","type":"post","link":"https:\/\/gwiezdnykrag.pl\/index.php\/2024\/01\/11\/gwiezdny-krag-po-raz-xix\/","title":{"rendered":"Gwiezdny Kr\u0105g po raz XIX"},"content":{"rendered":"\n<p>Ju\u017c po raz XIX rusza Og\u00f3lnopolska Olimpiada Wiedzy o Unii Europejskiej \u201eGwiezdny Kr\u0105g\u201d skierowana do uczni\u00f3w szk\u00f3\u0142 ponadpodstawowych: lice\u00f3w og\u00f3lnokszta\u0142c\u0105cych, lice\u00f3w profilowanych, technik\u00f3w, uzupe\u0142niaj\u0105cych lice\u00f3w og\u00f3lnokszta\u0142c\u0105cych i technik\u00f3w uzupe\u0142niaj\u0105cych oraz dla uczni\u00f3w szk\u00f3\u0142 ponadpodstawowych i bran\u017cowych.<\/p>\n\n\n\n<p>Olimpiada organizowana jest przez Komisj\u0119 Europejsk\u0105 Przedstawicielstwo w Polsce, Biuro Parlamentu Europejskiego w Polsce, Stowarzyszenie \u201eS\u0142upski Instytut ds. M\u0142odzie\u017cy przy wsp\u00f3\u0142pracy z ekspertami Team Europe Direct, Punktami Europe Direct oraz Stowarzyszeniem \u201ePomorskie w Unii Europejskiej\u201d.<\/p>\n\n\n\n<p>Tegoroczna edycja Olimpiady koncentrowa\u0107 si\u0119 b\u0119dzie na dw\u00f3ch g\u0142\u00f3wnych tematach: 20-leciu cz\u0142onkostwa Polski w Unii Europejskiej oraz czerwcowych wyborach do Parlamentu Europejskiego.<\/p>\n\n\n\n<figure class=\"wp-block-image size-large\"><img loading=\"lazy\" decoding=\"async\" width=\"1024\" height=\"768\" src=\"https:\/\/gwiezdnykrag.pl\/wp-content\/uploads\/2023\/06\/P2340544-1024x768.jpg\" alt=\"\" class=\"wp-image-880\" srcset=\"https:\/\/gwiezdnykrag.pl\/wp-content\/uploads\/2023\/06\/P2340544-1024x768.jpg 1024w, https:\/\/gwiezdnykrag.pl\/wp-content\/uploads\/2023\/06\/P2340544-300x225.jpg 300w, https:\/\/gwiezdnykrag.pl\/wp-content\/uploads\/2023\/06\/P2340544-768x576.jpg 768w, https:\/\/gwiezdnykrag.pl\/wp-content\/uploads\/2023\/06\/P2340544-1536x1152.jpg 1536w, https:\/\/gwiezdnykrag.pl\/wp-content\/uploads\/2023\/06\/P2340544-2048x1536.jpg 2048w, https:\/\/gwiezdnykrag.pl\/wp-content\/uploads\/2023\/06\/P2340544-410x308.jpg 410w, https:\/\/gwiezdnykrag.pl\/wp-content\/uploads\/2023\/06\/P2340544-100x75.jpg 100w, https:\/\/gwiezdnykrag.pl\/wp-content\/uploads\/2023\/06\/P2340544-275x206.jpg 275w\" sizes=\"auto, (max-width: 1024px) 100vw, 1024px\" \/><\/figure>\n\n\n\n<p><strong>Nagrody?<\/strong><\/p>\n\n\n\n<p>Dla trzech pierwszych miejsc przewidzieli\u015bmy nagrody specjalne: wyjazd turystyczny do wybranego przez uczestnika miejsca w Unii Europejskiej. Mo\u017ce to by\u0107 zwrot koszt\u00f3w wycieczki z biurem podr\u00f3\u017cy lub zorganizowanej przez samego uczestnika, tak\u017ce z mo\u017cliwo\u015bci\u0105 zabrania we wsp\u00f3ln\u0105 podr\u00f3\u017c innej osoby. Organizatorzy przewidzieli nast\u0119puj\u0105c\u0105 warto\u015b\u0107 tych nagr\u00f3d:<\/p>\n\n\n\n<p>\u2022 I miejsce \u2013 wyjazd o maksymalnej warto\u015bci 10.000,00 z\u0142otych;<\/p>\n\n\n\n<p>\u2022 II miejsce \u2013 wyjazd o maksymalnej warto\u015bci 7.000,00 z\u0142otych;<\/p>\n\n\n\n<p>\u2022 III miejsce \u2013 wyjazd o maksymalnej warto\u015bci 5.000,00 z\u0142otych.<\/p>\n\n\n\n<p><strong>Kontekst:&nbsp;<\/strong><\/p>\n\n\n\n<p>Og\u00f3lnopolska Olimpiada Wiedzy o Unii Europejskiej \u201eGwiezdny Kr\u0105g\u201d jest projektem realizowanym od 2004 roku. Jest jedyn\u0105 Olimpiad\u0105 w Polsce realizowan\u0105 wsp\u00f3lnie przez Komisj\u0119 Europejska Przedstawicielstwo w Polsce oraz Biuro Parlamentu Europejskiego w Polsce. Od wielu lat w jej organizacj\u0119 zaanga\u017cowa\u0142o si\u0119 Stowarzyszenie \u201ePomorskie w Unii Europejskiej\u201d, punkty Europe Direct w Polsce, a tak\u017ce cz\u0142onkowie zespo\u0142u eksperckiego Team Europe.<\/p>\n\n\n\n<p>Celem Olimpiady jest popularyzowanie wiedzy o Unii Europejskiej, w szczeg\u00f3lno\u015bci: jej systemu instytucjonalnego, procesu integracji europejskiej, unijnych polityk, prawa i europejskich warto\u015bci oraz og\u00f3lnej wiedzy o Europie i pa\u0144stwach cz\u0142onkowskich UE.<\/p>\n\n\n\n<figure class=\"wp-block-image size-large\"><img loading=\"lazy\" decoding=\"async\" width=\"724\" height=\"1024\" src=\"https:\/\/gwiezdnykrag.pl\/wp-content\/uploads\/2024\/01\/Plakat-OKG-2024-3.0-724x1024.png\" alt=\"\" class=\"wp-image-1014\" srcset=\"https:\/\/gwiezdnykrag.pl\/wp-content\/uploads\/2024\/01\/Plakat-OKG-2024-3.0-724x1024.png 724w, https:\/\/gwiezdnykrag.pl\/wp-content\/uploads\/2024\/01\/Plakat-OKG-2024-3.0-212x300.png 212w, https:\/\/gwiezdnykrag.pl\/wp-content\/uploads\/2024\/01\/Plakat-OKG-2024-3.0-768x1086.png 768w, https:\/\/gwiezdnykrag.pl\/wp-content\/uploads\/2024\/01\/Plakat-OKG-2024-3.0-1086x1536.png 1086w, https:\/\/gwiezdnykrag.pl\/wp-content\/uploads\/2024\/01\/Plakat-OKG-2024-3.0-1448x2048.png 1448w, https:\/\/gwiezdnykrag.pl\/wp-content\/uploads\/2024\/01\/Plakat-OKG-2024-3.0.png 1587w\" sizes=\"auto, (max-width: 724px) 100vw, 724px\" \/><\/figure>\n\n\n\n<p><strong>Wi\u0119cej informacji:<\/strong><\/p>\n\n\n\n<ul class=\"wp-block-list\">\n<li><a href=\"https:\/\/gwiezdnykrag.pl\/index.php\/pliki-do-pobrania\/\" target=\"_blank\" rel=\"noreferrer noopener\"><strong>Regulamin XVIII edycji Og\u00f3lnopolskiej Olimpiady Wiedzy o Unii Europejskiej \u201eGwiezdny Kr\u0105g\u201d<\/strong><\/a><strong><u>;<\/u><\/strong><\/li>\n\n\n\n<li><a href=\"https:\/\/gwiezdnykrag.pl\/index.php\/harmonogram\/\" target=\"_blank\" rel=\"noreferrer noopener\"><strong>Harmonogram XVIII edycji Og\u00f3lnopolskiej Olimpiady Wiedzy o Unii Europejskiej \u201eGwiezdny Kr\u0105g<\/strong>\u201d<\/a>;<\/li>\n<\/ul>\n\n\n\n<p><strong>Kontakt z Organizatorami:<\/strong><\/p>\n\n\n\n<p>e-mail:&nbsp;<a href=\"mailto:kontakt@gwiezdnykrag.pl\"><strong>kontakt@gwiezdnykrag.pl<\/strong><\/a><\/p>\n\n\n\n<p><a href=\"https:\/\/www.gwiezdnykrag.pl\/\"><strong>www.gwiezdnykrag.pl<\/strong><\/a><\/p>\n\n\n\n<p>tel. 797&nbsp;274&nbsp;316<\/p>\n","protected":false},"excerpt":{"rendered":"<p>Ju\u017c po raz XIX rusza Og\u00f3lnopolska Olimpiada Wiedzy o Unii Europejskiej \u201eGwiezdny Kr\u0105g\u201d skierowana do uczni\u00f3w szk\u00f3\u0142 ponadpodstawowych: lice\u00f3w og\u00f3lnokszta\u0142c\u0105cych, lice\u00f3w profilowanych, technik\u00f3w, uzupe\u0142niaj\u0105cych lice\u00f3w og\u00f3lnokszta\u0142c\u0105cych i technik\u00f3w uzupe\u0142niaj\u0105cych oraz dla uczni\u00f3w szk\u00f3\u0142 ponadpodstawowych i bran\u017cowych. Olimpiada organizowana jest przez Komisj\u0119 Europejsk\u0105 Przedstawicielstwo w Polsce, Biuro Parlamentu Europejskiego w Polsce, Stowarzyszenie \u201eS\u0142upski Instytut ds. M\u0142odzie\u017cy [&hellip;]<\/p>\n","protected":false},"author":2,"featured_media":1014,"comment_status":"closed","ping_status":"closed","sticky":false,"template":"","format":"standard","meta":{"footnotes":""},"categories":[1],"tags":[],"class_list":["post-1013","post","type-post","status-publish","format-standard","has-post-thumbnail","hentry","category-aktualnosci"],"_links":{"self":[{"href":"https:\/\/gwiezdnykrag.pl\/index.php\/wp-json\/wp\/v2\/posts\/1013","targetHints":{"allow":["GET"]}}],"collection":[{"href":"https:\/\/gwiezdnykrag.pl\/index.php\/wp-json\/wp\/v2\/posts"}],"about":[{"href":"https:\/\/gwiezdnykrag.pl\/index.php\/wp-json\/wp\/v2\/types\/post"}],"author":[{"embeddable":true,"href":"https:\/\/gwiezdnykrag.pl\/index.php\/wp-json\/wp\/v2\/users\/2"}],"replies":[{"embeddable":true,"href":"https:\/\/gwiezdnykrag.pl\/index.php\/wp-json\/wp\/v2\/comments?post=1013"}],"version-history":[{"count":3,"href":"https:\/\/gwiezdnykrag.pl\/index.php\/wp-json\/wp\/v2\/posts\/1013\/revisions"}],"predecessor-version":[{"id":1017,"href":"https:\/\/gwiezdnykrag.pl\/index.php\/wp-json\/wp\/v2\/posts\/1013\/revisions\/1017"}],"wp:featuredmedia":[{"embeddable":true,"href":"https:\/\/gwiezdnykrag.pl\/index.php\/wp-json\/wp\/v2\/media\/1014"}],"wp:attachment":[{"href":"https:\/\/gwiezdnykrag.pl\/index.php\/wp-json\/wp\/v2\/media?parent=1013"}],"wp:term":[{"taxonomy":"category","embeddable":true,"href":"https:\/\/gwiezdnykrag.pl\/index.php\/wp-json\/wp\/v2\/categories?post=1013"},{"taxonomy":"post_tag","embeddable":true,"href":"https:\/\/gwiezdnykrag.pl\/index.php\/wp-json\/wp\/v2\/tags?post=1013"}],"curies":[{"name":"wp","href":"https:\/\/api.w.org\/{rel}","templated":true}]}}